{"id":7430,"date":"2021-05-31T21:11:26","date_gmt":"2021-05-31T21:11:26","guid":{"rendered":"https:\/\/sunupost.com\/?p=7430"},"modified":"2021-05-31T21:11:26","modified_gmt":"2021-05-31T21:11:26","slug":"cote-divoire-laurent-gbagbo-va-rentrer-le-17-juin-prochain","status":"publish","type":"post","link":"https:\/\/sunupost.com\/?p=7430","title":{"rendered":"C\u00f4te D&rsquo;Ivoire : Laurent Gbagbo Va Rentrer Le 17 Juin Prochain"},"content":{"rendered":"<p>D\u2019Abidjan \u00e0 Mama son village natal, 30 kilom\u00e8tres de Gagnoa, dans la r\u00e9gion de G\u00f4h, le retour de l\u2019ancien pr\u00e9sident ivoirien, Laurent Gbagbo est sur toutes les l\u00e8vres, sauf que des zones d\u2019ombres au tableau persistent.<\/p>\n<p>R\u00e9cemment \u00e0 Abidjan, une pol\u00e9mique sur un retour en grande pompe ou en catimini de l&rsquo;ancien pr\u00e9sident ivoirien avait aliment\u00e9 les d\u00e9bats. Si le r\u00e9gime d\u2019Abidjan cultive le myst\u00e8re autour de la date du retour du grand rival de l\u2019actuel pr\u00e9sident ivoirien, Alassane Ouattara, le secr\u00e9taire g\u00e9n\u00e9ral du FPI, Assoa Adou, ce lundi 31 mai a fait savoir que Laurent Gbagbo rentrera le 17 juin prochain.<\/p>\n<p>\u00ab\u00a0Je vous annonce que le retour du pr\u00e9sident Laurent Gbagbo sur la terre de C\u00f4te d&rsquo;Ivoire est pr\u00e9vu pour le 17 juin\u00a0\u00bb, a d\u00e9clar\u00e9 Assoa Adou, secr\u00e9taire g\u00e9n\u00e9ral du Front populaire ivoirien (FPI) cr\u00e9\u00e9 par l&rsquo;ancien pr\u00e9sident (2000-2010).<\/p>\n<p>Assoa Adou a fait cette annonce lors d&rsquo;une c\u00e9r\u00e9monie tenue le jour des 76 ans de Laurent Gbagbo, n\u00e9 le 31 mai 1945.<\/p>\n<p>Interrog\u00e9 par Africanews, l\u2019avocat membre de l\u2019\u00e9quipe de d\u00e9fense de Charles Bl\u00e9 Goud\u00e9, Me Gbougnon Jean Serge a abord\u00e9 dans le m\u00eame sens :\u00a0la seule chose que je sais et qu\u2019il (Laurent Gbagbo) m\u2019a dite c\u2019est qu\u2019il envisage de rentrer \u00e0 la mi-juin.\u00a0D\u2019ordinaire silencieux, l\u2019ex-pr\u00e9sident ivoirien d\u00e9finitivement acquitt\u00e9 par la Cour p\u00e9nale internationale le 31 mars dernier a gard\u00e9 sa posture, nos demandes d\u2019interview sont rest\u00e9es lettres mortes, mais \u00e0 en croire son ex-avocat, et le secr\u00e9taire g\u00e9n\u00e9ral du Front populaire ivoirien, la date de son tr\u00e8s attendu retour en terre ivoirienne est act\u00e9e : mi-juin.<\/p>\n<p>Si l\u2019information \u00e9tait tr\u00e8s peu rendue publique dans les sph\u00e8res du Front populaire ivoirien, parti de Laurent Gbagbo, c\u2019est aussi parce qu\u2019Abidjan semblait vouloir politiser ce retour et le compromettre.<\/p>\n<p>Pour Fernand Dedeh, journaliste ivoirien :\u00a0les autorit\u00e9s ivoiriennes jouent \u00e0 se faire peur et pour autant assure-t-il : Le retour de Gbagbo Laurent en C\u00f4te d\u2019Ivoire est act\u00e9. Il est citoyen libre, acquitt\u00e9 par la CPI. Aucune contrainte, autre que politicienne et surtout les \u00e9tats d\u2019\u00e2me, ne peut prosp\u00e9rer sur son chemin de retour. Seulement voil\u00e0, Gbagbo n\u2019est pas un citoyen ordinaire. Son retour doit \u00eatre encadr\u00e9. Il faut un minimum de consensus pour garantir sa s\u00e9curit\u00e9, \u00c9viter les d\u00e9bordements, assurer la stabilit\u00e9, Les discussions sont en cours pour r\u00e9pondre \u00e0 ses d\u00e9fi. Le reste, c\u2019est la politique. Le pouvoir a perdu une importante bataille. \u00c0 la fois politique, juridique, judiciaire et morale face \u00e0 Gbagbo. Le retour de Gbagbo est un vrai camouflet pour lui. Le pouvoir essaie d\u2019entretenir le moral de ses militants et les tenir mobilis\u00e9s. L\u2019Opposition reprend du poils de la b\u00eate. Elle retrouve son leader et les militants, un dynamisme nouveau. Gbagbo Laurent est un vrai cas de conscience pour le pouvoir explique l&rsquo;ex-chef de D\u00e9partement de Sport RTI.<\/p>\n<p>Qui veut le retour de Gbagbo<\/p>\n<p>Une semaine apr\u00e8s leur acquittement d\u00e9finitif le 31 mars, le pr\u00e9sident ivoirien Alassane Ouattara montrait des signes de rel\u00e2chement politique et de pas vers une r\u00e9conciliation :\u00a0MM. Gbagbo et Bl\u00e9 Goud\u00e9 sont libres de rentrer en C\u00f4te d\u2019Ivoire quand ils le souhaitent. Des dispositions seront prises pour que Laurent Gbagbo b\u00e9n\u00e9ficie, conform\u00e9ment aux textes en vigueur, des avantages et indemnit\u00e9s dus aux anciens pr\u00e9sidents de la R\u00e9publique, a-t-il ajout\u00e9, en pr\u00e9cisant que ses frais de voyage et ceux des membres de sa famille seront pris en charge par l\u2019\u00c9tat de C\u00f4te d\u2019Ivoire .<\/p>\n<p>Pr\u00e8s de deux mois apr\u00e8s cette annonce, Laurent Gbagbo n\u2019est toujours pas rentr\u00e9 mais certains de ses plus proches collaborateurs Damanan Pikass, Kon\u00e9 Katinan, l\u2019ex-ministre du budget, sa s\u0153ur cadette Jeannette Koudou , Tahi Zu\u00e9 Etienne, V\u00e9hi Tokpa, Innocent Kouabena Abouo ont regagn\u00e9 la c\u00f4te d\u2019Eburnie le 29 avril dernier<\/p>\n","protected":false},"excerpt":{"rendered":"<p>D\u2019Abidjan \u00e0 Mama son village natal, 30 kilom\u00e8tres de Gagnoa, dans la r\u00e9gion de G\u00f4h, le retour de l\u2019ancien pr\u00e9sident ivoirien, Laurent Gbagbo est sur&#8230;<\/p>\n","protected":false},"author":10,"featured_media":7431,"comment_status":"open","ping_status":"open","sticky":false,"template":"","format":"standard","meta":{"_coblocks_attr":"","_coblocks_dimensions":"","_coblocks_responsive_height":"","_coblocks_accordion_ie_support":"","_monsterinsights_skip_tracking":false,"_monsterinsights_sitenote_active":false,"_monsterinsights_sitenote_note":"","_monsterinsights_sitenote_category":0,"h5ap_radio_sources":[],"footnotes":""},"categories":[2],"tags":[],"class_list":["post-7430","post","type-post","status-publish","format-standard","has-post-thumbnail","hentry","category-international","wpcat-2-id"],"yoast_head":"<!-- This site is optimized with the Yoast SEO plugin v27.4 - https:\/\/yoast.com\/product\/yoast-seo-wordpress\/ -->\n<title>C\u00f4te D&#039;Ivoire : Laurent Gbagbo Va Rentrer Le 17 Juin Prochain - SUNUPOST<\/title>\n<meta name=\"robots\" content=\"index, follow, max-snippet:-1, max-image-preview:large, max-video-preview:-1\" \/>\n<link rel=\"canonical\" href=\"https:\/\/sunupost.com\/?p=7430\" \/>\n<meta property=\"og:locale\" content=\"fr_FR\" \/>\n<meta property=\"og:type\" content=\"article\" \/>\n<meta property=\"og:title\" content=\"C\u00f4te D&#039;Ivoire : Laurent Gbagbo Va Rentrer Le 17 Juin Prochain - SUNUPOST\" \/>\n<meta property=\"og:description\" content=\"D\u2019Abidjan \u00e0 Mama son village natal, 30 kilom\u00e8tres de Gagnoa, dans la r\u00e9gion de G\u00f4h, le retour de l\u2019ancien pr\u00e9sident ivoirien, Laurent Gbagbo est sur...\" \/>\n<meta property=\"og:url\" content=\"https:\/\/sunupost.com\/?p=7430\" \/>\n<meta property=\"og:site_name\" content=\"SUNUPOST\" \/>\n<meta property=\"article:publisher\" content=\"https:\/\/web.facebook.com\/Sunupost-101026658237468\/\" \/>\n<meta property=\"article:published_time\" content=\"2021-05-31T21:11:26+00:00\" \/>\n<meta property=\"og:image\" content=\"https:\/\/secureservercdn.net\/198.71.233.69\/17w.044.myftpupload.com\/wp-content\/uploads\/2021\/05\/IMG-20210531-WA0267-1.jpg?time=1663113392\" \/>\n\t<meta property=\"og:image:width\" content=\"1000\" \/>\n\t<meta property=\"og:image:height\" content=\"1000\" \/>\n\t<meta property=\"og:image:type\" content=\"image\/jpeg\" \/>\n<meta name=\"author\" content=\"La R\u00e9daction\" \/>\n<meta name=\"twitter:card\" content=\"summary_large_image\" \/>\n<meta name=\"twitter:creator\" content=\"@sunupost\" \/>\n<meta name=\"twitter:site\" content=\"@sunupost\" \/>\n<meta name=\"twitter:label1\" content=\"\u00c9crit par\" \/>\n\t<meta name=\"twitter:data1\" content=\"La R\u00e9daction\" \/>\n\t<meta name=\"twitter:label2\" content=\"Dur\u00e9e de lecture estim\u00e9e\" \/>\n\t<meta name=\"twitter:data2\" content=\"3 minutes\" \/>\n<script type=\"application\/ld+json\" class=\"yoast-schema-graph\">{\"@context\":\"https:\\\/\\\/schema.org\",\"@graph\":[{\"@type\":\"Article\",\"@id\":\"https:\\\/\\\/sunupost.com\\\/?p=7430#article\",\"isPartOf\":{\"@id\":\"https:\\\/\\\/sunupost.com\\\/?p=7430\"},\"author\":{\"name\":\"La R\u00e9daction\",\"@id\":\"https:\\\/\\\/sunupost.com\\\/#\\\/schema\\\/person\\\/9c04c80a48c29cd2be004cf57947ebb0\"},\"headline\":\"C\u00f4te D&rsquo;Ivoire : Laurent Gbagbo Va Rentrer Le 17 Juin Prochain\",\"datePublished\":\"2021-05-31T21:11:26+00:00\",\"mainEntityOfPage\":{\"@id\":\"https:\\\/\\\/sunupost.com\\\/?p=7430\"},\"wordCount\":703,\"commentCount\":154,\"publisher\":{\"@id\":\"https:\\\/\\\/sunupost.com\\\/#organization\"},\"image\":{\"@id\":\"https:\\\/\\\/sunupost.com\\\/?p=7430#primaryimage\"},\"thumbnailUrl\":\"https:\\\/\\\/sunupost.com\\\/wp-content\\\/uploads\\\/2021\\\/05\\\/IMG-20210531-WA0267-1.jpg\",\"articleSection\":[\"INTERNATIONAL\"],\"inLanguage\":\"fr-FR\",\"potentialAction\":[{\"@type\":\"CommentAction\",\"name\":\"Comment\",\"target\":[\"https:\\\/\\\/sunupost.com\\\/?p=7430#respond\"]}]},{\"@type\":\"WebPage\",\"@id\":\"https:\\\/\\\/sunupost.com\\\/?p=7430\",\"url\":\"https:\\\/\\\/sunupost.com\\\/?p=7430\",\"name\":\"C\u00f4te D'Ivoire : Laurent Gbagbo Va Rentrer Le 17 Juin Prochain - SUNUPOST\",\"isPartOf\":{\"@id\":\"https:\\\/\\\/sunupost.com\\\/#website\"},\"primaryImageOfPage\":{\"@id\":\"https:\\\/\\\/sunupost.com\\\/?p=7430#primaryimage\"},\"image\":{\"@id\":\"https:\\\/\\\/sunupost.com\\\/?p=7430#primaryimage\"},\"thumbnailUrl\":\"https:\\\/\\\/sunupost.com\\\/wp-content\\\/uploads\\\/2021\\\/05\\\/IMG-20210531-WA0267-1.jpg\",\"datePublished\":\"2021-05-31T21:11:26+00:00\",\"breadcrumb\":{\"@id\":\"https:\\\/\\\/sunupost.com\\\/?p=7430#breadcrumb\"},\"inLanguage\":\"fr-FR\",\"potentialAction\":[{\"@type\":\"ReadAction\",\"target\":[\"https:\\\/\\\/sunupost.com\\\/?p=7430\"]}]},{\"@type\":\"ImageObject\",\"inLanguage\":\"fr-FR\",\"@id\":\"https:\\\/\\\/sunupost.com\\\/?p=7430#primaryimage\",\"url\":\"https:\\\/\\\/sunupost.com\\\/wp-content\\\/uploads\\\/2021\\\/05\\\/IMG-20210531-WA0267-1.jpg\",\"contentUrl\":\"https:\\\/\\\/sunupost.com\\\/wp-content\\\/uploads\\\/2021\\\/05\\\/IMG-20210531-WA0267-1.jpg\",\"width\":1000,\"height\":1000},{\"@type\":\"BreadcrumbList\",\"@id\":\"https:\\\/\\\/sunupost.com\\\/?p=7430#breadcrumb\",\"itemListElement\":[{\"@type\":\"ListItem\",\"position\":1,\"name\":\"Home\",\"item\":\"https:\\\/\\\/sunupost.com\\\/\"},{\"@type\":\"ListItem\",\"position\":2,\"name\":\"C\u00f4te D&rsquo;Ivoire : Laurent Gbagbo Va Rentrer Le 17 Juin Prochain\"}]},{\"@type\":\"WebSite\",\"@id\":\"https:\\\/\\\/sunupost.com\\\/#website\",\"url\":\"https:\\\/\\\/sunupost.com\\\/\",\"name\":\"SUNUPOST\",\"description\":\"Pens\u00e9e libre\",\"publisher\":{\"@id\":\"https:\\\/\\\/sunupost.com\\\/#organization\"},\"potentialAction\":[{\"@type\":\"SearchAction\",\"target\":{\"@type\":\"EntryPoint\",\"urlTemplate\":\"https:\\\/\\\/sunupost.com\\\/?s={search_term_string}\"},\"query-input\":{\"@type\":\"PropertyValueSpecification\",\"valueRequired\":true,\"valueName\":\"search_term_string\"}}],\"inLanguage\":\"fr-FR\"},{\"@type\":\"Organization\",\"@id\":\"https:\\\/\\\/sunupost.com\\\/#organization\",\"name\":\"SUNUPOST\",\"url\":\"https:\\\/\\\/sunupost.com\\\/\",\"logo\":{\"@type\":\"ImageObject\",\"inLanguage\":\"fr-FR\",\"@id\":\"https:\\\/\\\/sunupost.com\\\/#\\\/schema\\\/logo\\\/image\\\/\",\"url\":\"https:\\\/\\\/secureservercdn.net\\\/198.71.233.206\\\/17w.044.myftpupload.com\\\/wp-content\\\/uploads\\\/2020\\\/05\\\/Lancement.jpg?time=1639052812\",\"contentUrl\":\"https:\\\/\\\/secureservercdn.net\\\/198.71.233.206\\\/17w.044.myftpupload.com\\\/wp-content\\\/uploads\\\/2020\\\/05\\\/Lancement.jpg?time=1639052812\",\"width\":300,\"height\":100,\"caption\":\"SUNUPOST\"},\"image\":{\"@id\":\"https:\\\/\\\/sunupost.com\\\/#\\\/schema\\\/logo\\\/image\\\/\"},\"sameAs\":[\"https:\\\/\\\/web.facebook.com\\\/Sunupost-101026658237468\\\/\",\"https:\\\/\\\/x.com\\\/sunupost\",\"https:\\\/\\\/www.instagram.com\\\/sunupost\\\/\",\"https:\\\/\\\/www.youtube.com\\\/channel\\\/UCd7V7bCkLDOee8yr7CW4Dpw\"]},{\"@type\":\"Person\",\"@id\":\"https:\\\/\\\/sunupost.com\\\/#\\\/schema\\\/person\\\/9c04c80a48c29cd2be004cf57947ebb0\",\"name\":\"La R\u00e9daction\",\"image\":{\"@type\":\"ImageObject\",\"inLanguage\":\"fr-FR\",\"@id\":\"https:\\\/\\\/secure.gravatar.com\\\/avatar\\\/1dc7c1ffd136391c1a6d8806c3431e1a2dd9445015e3f66472e3c63e9c80807e?s=96&d=mm&r=g\",\"url\":\"https:\\\/\\\/secure.gravatar.com\\\/avatar\\\/1dc7c1ffd136391c1a6d8806c3431e1a2dd9445015e3f66472e3c63e9c80807e?s=96&d=mm&r=g\",\"contentUrl\":\"https:\\\/\\\/secure.gravatar.com\\\/avatar\\\/1dc7c1ffd136391c1a6d8806c3431e1a2dd9445015e3f66472e3c63e9c80807e?s=96&d=mm&r=g\",\"caption\":\"La R\u00e9daction\"},\"url\":\"https:\\\/\\\/sunupost.com\\\/?author=10\"}]}<\/script>\n<!-- \/ Yoast SEO plugin. -->","yoast_head_json":{"title":"C\u00f4te D'Ivoire : Laurent Gbagbo Va Rentrer Le 17 Juin Prochain - SUNUPOST","robots":{"index":"index","follow":"follow","max-snippet":"max-snippet:-1","max-image-preview":"max-image-preview:large","max-video-preview":"max-video-preview:-1"},"canonical":"https:\/\/sunupost.com\/?p=7430","og_locale":"fr_FR","og_type":"article","og_title":"C\u00f4te D'Ivoire : Laurent Gbagbo Va Rentrer Le 17 Juin Prochain - SUNUPOST","og_description":"D\u2019Abidjan \u00e0 Mama son village natal, 30 kilom\u00e8tres de Gagnoa, dans la r\u00e9gion de G\u00f4h, le retour de l\u2019ancien pr\u00e9sident ivoirien, Laurent Gbagbo est sur...","og_url":"https:\/\/sunupost.com\/?p=7430","og_site_name":"SUNUPOST","article_publisher":"https:\/\/web.facebook.com\/Sunupost-101026658237468\/","article_published_time":"2021-05-31T21:11:26+00:00","og_image":[{"width":1000,"height":1000,"url":"https:\/\/secureservercdn.net\/198.71.233.69\/17w.044.myftpupload.com\/wp-content\/uploads\/2021\/05\/IMG-20210531-WA0267-1.jpg?time=1663113392","type":"image\/jpeg"}],"author":"La R\u00e9daction","twitter_card":"summary_large_image","twitter_creator":"@sunupost","twitter_site":"@sunupost","twitter_misc":{"\u00c9crit par":"La R\u00e9daction","Dur\u00e9e de lecture estim\u00e9e":"3 minutes"},"schema":{"@context":"https:\/\/schema.org","@graph":[{"@type":"Article","@id":"https:\/\/sunupost.com\/?p=7430#article","isPartOf":{"@id":"https:\/\/sunupost.com\/?p=7430"},"author":{"name":"La R\u00e9daction","@id":"https:\/\/sunupost.com\/#\/schema\/person\/9c04c80a48c29cd2be004cf57947ebb0"},"headline":"C\u00f4te D&rsquo;Ivoire : Laurent Gbagbo Va Rentrer Le 17 Juin Prochain","datePublished":"2021-05-31T21:11:26+00:00","mainEntityOfPage":{"@id":"https:\/\/sunupost.com\/?p=7430"},"wordCount":703,"commentCount":154,"publisher":{"@id":"https:\/\/sunupost.com\/#organization"},"image":{"@id":"https:\/\/sunupost.com\/?p=7430#primaryimage"},"thumbnailUrl":"https:\/\/sunupost.com\/wp-content\/uploads\/2021\/05\/IMG-20210531-WA0267-1.jpg","articleSection":["INTERNATIONAL"],"inLanguage":"fr-FR","potentialAction":[{"@type":"CommentAction","name":"Comment","target":["https:\/\/sunupost.com\/?p=7430#respond"]}]},{"@type":"WebPage","@id":"https:\/\/sunupost.com\/?p=7430","url":"https:\/\/sunupost.com\/?p=7430","name":"C\u00f4te D'Ivoire : Laurent Gbagbo Va Rentrer Le 17 Juin Prochain - SUNUPOST","isPartOf":{"@id":"https:\/\/sunupost.com\/#website"},"primaryImageOfPage":{"@id":"https:\/\/sunupost.com\/?p=7430#primaryimage"},"image":{"@id":"https:\/\/sunupost.com\/?p=7430#primaryimage"},"thumbnailUrl":"https:\/\/sunupost.com\/wp-content\/uploads\/2021\/05\/IMG-20210531-WA0267-1.jpg","datePublished":"2021-05-31T21:11:26+00:00","breadcrumb":{"@id":"https:\/\/sunupost.com\/?p=7430#breadcrumb"},"inLanguage":"fr-FR","potentialAction":[{"@type":"ReadAction","target":["https:\/\/sunupost.com\/?p=7430"]}]},{"@type":"ImageObject","inLanguage":"fr-FR","@id":"https:\/\/sunupost.com\/?p=7430#primaryimage","url":"https:\/\/sunupost.com\/wp-content\/uploads\/2021\/05\/IMG-20210531-WA0267-1.jpg","contentUrl":"https:\/\/sunupost.com\/wp-content\/uploads\/2021\/05\/IMG-20210531-WA0267-1.jpg","width":1000,"height":1000},{"@type":"BreadcrumbList","@id":"https:\/\/sunupost.com\/?p=7430#breadcrumb","itemListElement":[{"@type":"ListItem","position":1,"name":"Home","item":"https:\/\/sunupost.com\/"},{"@type":"ListItem","position":2,"name":"C\u00f4te D&rsquo;Ivoire : Laurent Gbagbo Va Rentrer Le 17 Juin Prochain"}]},{"@type":"WebSite","@id":"https:\/\/sunupost.com\/#website","url":"https:\/\/sunupost.com\/","name":"SUNUPOST","description":"Pens\u00e9e libre","publisher":{"@id":"https:\/\/sunupost.com\/#organization"},"potentialAction":[{"@type":"SearchAction","target":{"@type":"EntryPoint","urlTemplate":"https:\/\/sunupost.com\/?s={search_term_string}"},"query-input":{"@type":"PropertyValueSpecification","valueRequired":true,"valueName":"search_term_string"}}],"inLanguage":"fr-FR"},{"@type":"Organization","@id":"https:\/\/sunupost.com\/#organization","name":"SUNUPOST","url":"https:\/\/sunupost.com\/","logo":{"@type":"ImageObject","inLanguage":"fr-FR","@id":"https:\/\/sunupost.com\/#\/schema\/logo\/image\/","url":"https:\/\/secureservercdn.net\/198.71.233.206\/17w.044.myftpupload.com\/wp-content\/uploads\/2020\/05\/Lancement.jpg?time=1639052812","contentUrl":"https:\/\/secureservercdn.net\/198.71.233.206\/17w.044.myftpupload.com\/wp-content\/uploads\/2020\/05\/Lancement.jpg?time=1639052812","width":300,"height":100,"caption":"SUNUPOST"},"image":{"@id":"https:\/\/sunupost.com\/#\/schema\/logo\/image\/"},"sameAs":["https:\/\/web.facebook.com\/Sunupost-101026658237468\/","https:\/\/x.com\/sunupost","https:\/\/www.instagram.com\/sunupost\/","https:\/\/www.youtube.com\/channel\/UCd7V7bCkLDOee8yr7CW4Dpw"]},{"@type":"Person","@id":"https:\/\/sunupost.com\/#\/schema\/person\/9c04c80a48c29cd2be004cf57947ebb0","name":"La R\u00e9daction","image":{"@type":"ImageObject","inLanguage":"fr-FR","@id":"https:\/\/secure.gravatar.com\/avatar\/1dc7c1ffd136391c1a6d8806c3431e1a2dd9445015e3f66472e3c63e9c80807e?s=96&d=mm&r=g","url":"https:\/\/secure.gravatar.com\/avatar\/1dc7c1ffd136391c1a6d8806c3431e1a2dd9445015e3f66472e3c63e9c80807e?s=96&d=mm&r=g","contentUrl":"https:\/\/secure.gravatar.com\/avatar\/1dc7c1ffd136391c1a6d8806c3431e1a2dd9445015e3f66472e3c63e9c80807e?s=96&d=mm&r=g","caption":"La R\u00e9daction"},"url":"https:\/\/sunupost.com\/?author=10"}]}},"_links":{"self":[{"href":"https:\/\/sunupost.com\/index.php?rest_route=\/wp\/v2\/posts\/7430","targetHints":{"allow":["GET"]}}],"collection":[{"href":"https:\/\/sunupost.com\/index.php?rest_route=\/wp\/v2\/posts"}],"about":[{"href":"https:\/\/sunupost.com\/index.php?rest_route=\/wp\/v2\/types\/post"}],"author":[{"embeddable":true,"href":"https:\/\/sunupost.com\/index.php?rest_route=\/wp\/v2\/users\/10"}],"replies":[{"embeddable":true,"href":"https:\/\/sunupost.com\/index.php?rest_route=%2Fwp%2Fv2%2Fcomments&post=7430"}],"version-history":[{"count":0,"href":"https:\/\/sunupost.com\/index.php?rest_route=\/wp\/v2\/posts\/7430\/revisions"}],"wp:featuredmedia":[{"embeddable":true,"href":"https:\/\/sunupost.com\/index.php?rest_route=\/wp\/v2\/media\/7431"}],"wp:attachment":[{"href":"https:\/\/sunupost.com\/index.php?rest_route=%2Fwp%2Fv2%2Fmedia&parent=7430"}],"wp:term":[{"taxonomy":"category","embeddable":true,"href":"https:\/\/sunupost.com\/index.php?rest_route=%2Fwp%2Fv2%2Fcategories&post=7430"},{"taxonomy":"post_tag","embeddable":true,"href":"https:\/\/sunupost.com\/index.php?rest_route=%2Fwp%2Fv2%2Ftags&post=7430"}],"curies":[{"name":"wp","href":"https:\/\/api.w.org\/{rel}","templated":true}]}}