{"id":7514,"date":"2021-06-03T23:07:35","date_gmt":"2021-06-03T23:07:35","guid":{"rendered":"https:\/\/sunupost.com\/?p=7514"},"modified":"2021-06-03T23:07:35","modified_gmt":"2021-06-03T23:07:35","slug":"la-france-suspend-les-operations-militaires-conjointes-avec-les-forces-maliennes","status":"publish","type":"post","link":"https:\/\/sunupost.com\/?p=7514","title":{"rendered":"La France Suspend Les Op\u00e9rations Militaires Conjointes Avec Les Forces Maliennes"},"content":{"rendered":"<p><b>La France a suspendu \u00e0 titre conservatoire les op\u00e9rations militaires conjointes avec les forces maliennes, a-t-on appris jeudi 3 juin aupr\u00e8s du minist\u00e8re fran\u00e7ais des Arm\u00e9es, pr\u00e9cisant que cette d\u00e9cision \u00e9tait li\u00e9e \u00e0 la transition politique en cours au Mali et qu&rsquo;elle serait r\u00e9\u00e9valu\u00e9e dans les prochains jours.<br \/>\n<\/b><br \/>\n\u00ab Des exigences et des lignes rouges ont \u00e9t\u00e9 pos\u00e9es \u00bb par la Communaut\u00e9 \u00e9conomique des \u00c9tats de l&rsquo;Afrique de l&rsquo;Ouest (C\u00e9d\u00e9ao) et l&rsquo;Union africaine pour \u00ab clarifier le cadre de la transition politique au Mali \u00bb, a dit le minist\u00e8re. \u00ab Il revient aux autorit\u00e9s maliennes d&rsquo;y r\u00e9pondre rapidement \u00bb.<\/p>\n<p>\u00ab Dans l&rsquo;attente de ces garanties, la France (&#8230;) a d\u00e9cid\u00e9 de suspendre, \u00e0 titre conservatoire et temporaire, les op\u00e9rations militaires conjointes avec les forces maliennes ainsi que les missions nationales de conseil \u00e0 leur profit \u00bb \u00bb, a-t-il ajout\u00e9. \u00ab Ces d\u00e9cisions seront r\u00e9\u00e9valu\u00e9es dans les jours \u00e0 venir au regard des r\u00e9ponses qui seront fournies par les autorit\u00e9s maliennes \u00bb.<\/p>\n<p>Sur le terrain depuis un moment, les deux arm\u00e9es m\u00e8nent ensemble la lutte contre le terrorisme, contribuant notamment \u00e0 la mont\u00e9e en puissance de l\u2019arm\u00e9e malienne. Jusqu\u2019\u00e0 nouvel ordre, on ne verra donc plus les deux arm\u00e9es op\u00e9rer ensemble dans le Sahel. Autre d\u00e9cision de la France : les coop\u00e9rants fran\u00e7ais rattach\u00e9s au minist\u00e8re malien de la D\u00e9fense se retirent pour le moment. Ces mesures ont \u00e9t\u00e9 annonc\u00e9es \u00e0 la hi\u00e9rarchie militaire, reconna\u00eet un officier en poste au minist\u00e8re de la D\u00e9fense.<\/p>\n<p><b>Paris insiste sur une transition inclusive<\/b><\/p>\n<p>En prenant ces mesures, la France veut clairement exiger une transition inclusive qui doit s\u2019achever dans neuf mois. Le caract\u00e8re r\u00e9publicain de l\u2019\u00c9tat est une autre exigence de la France qui affirme qu\u2019elle ne restera pas au Mali si \u00e0 l\u2019islamisme prend le dessus sur la d\u00e9mocratie. Plusieurs personnalit\u00e9s civiles et militaires interrog\u00e9es \u00e0 Bamako par notre correspondant Serge Daniel ne cachent pas que tout sera fait pour respecter les engagements afin que les mesures de suspension soient lev\u00e9es.<\/p>\n<p>Cette annonce intervient apr\u00e8s qu&rsquo;Emmanuel Macron a d\u00e9clar\u00e9 dans un entretien au Journal du Dimanche que la question d&rsquo;un retrait de l&rsquo;arm\u00e9e fran\u00e7aise au Mali se posait apr\u00e8s le nouveau putsch militaire survenu \u00e0 Bamako en mai. Le chef de l&rsquo;\u00c9tat a soulign\u00e9 par ailleurs en d\u00e9but de semaine que l&rsquo;arm\u00e9e fran\u00e7aise ne pouvait combattre \u00e0 elle seule le terrorisme au Sahel et que sa pr\u00e9sence sur le terrain n\u00e9cessitait le renforcement d&rsquo;institutions stables et l\u00e9gitimes.<\/p>\n<p>Le pr\u00e9sident et le Premier ministre int\u00e9rimaires du Mali ont d\u00e9missionn\u00e9 la semaine derni\u00e8re, deux jours apr\u00e8s leur arrestation par l&rsquo;arm\u00e9e malienne successive \u00e0 un remaniement minist\u00e9riel, amplifiant la crise politique dans le pays.<\/p>\n<p><b>Les Partenariats militaires op\u00e9rationnels (PMO), pi\u00e8ce ma\u00eetresse du dispositif<\/b><\/p>\n<p>La coop\u00e9ration militaire avec le Mali est essentielle dans la lutte contre les groupes terroristes, puisque les Partenariats militaires op\u00e9rationnels ont pour ambition de former l\u2019arm\u00e9e malienne et de l\u2019accompagner au combat. Cette suspension est un coup de tonnerre sur le th\u00e9\u00e2tre sah\u00e9lien. Car gr\u00e2ce aux PMO, les forces arm\u00e9es maliennes ont r\u00e9ussi, progressivement, \u00e0 revenir dans le jeu. Et pour y parvenir, le chemin fut difficile, il a presque fallu partir d\u2019une page blanche. En 2013, en effet, les Fama \u00e9taient exsangues, et jusqu\u2019\u00e0 fin 2019, face \u00e0 la pouss\u00e9e agressive des groupes terroristes, ils accumulaient encore les revers.<\/p>\n<p>Le sommet de Pau, en janvier 2020, a donc fait de la coop\u00e9ration militaire l\u2019un de ses piliers. L\u2019objectif \u00e9tait alors de redonner confiance aux soldats maliens, de leur offrir des victoires comme disait l\u2019\u00e9tat-major fran\u00e7ais. Et pour permettre aux forces maliennes de monter en gamme, Barkhane a re\u00e7u pour instruction, non seulement d\u2019entra\u00eener les r\u00e9giments maliens, mais surtout de les accompagner aux combats.<\/p>\n<p>Depuis 18 mois, cette coop\u00e9ration a pris de l\u2019ampleur et connu quelques succ\u00e8s. Sur les trois groupements tactiques interarmes qu\u2019elle d\u00e9ploie, la force Barkhane en consacre un aux seuls Partenariats militaires op\u00e9rationnels au b\u00e9n\u00e9fice des forces arm\u00e9es maliennes et nig\u00e9riennes. Depuis le sommet de Pau, l\u2019autonomisation des forces sah\u00e9liennes, est au c\u0153ur de la strat\u00e9gie fran\u00e7aise. L\u2019avenir de la force Barkhane d\u00e9pend donc de cette coop\u00e9ration militaire.<\/p>\n","protected":false},"excerpt":{"rendered":"<p>La France a suspendu \u00e0 titre conservatoire les op\u00e9rations militaires conjointes avec les forces maliennes, a-t-on appris jeudi 3 juin aupr\u00e8s du minist\u00e8re fran\u00e7ais des&#8230;<\/p>\n","protected":false},"author":19,"featured_media":7515,"comment_status":"open","ping_status":"open","sticky":false,"template":"","format":"standard","meta":{"_coblocks_attr":"","_coblocks_dimensions":"","_coblocks_responsive_height":"","_coblocks_accordion_ie_support":"","_monsterinsights_skip_tracking":false,"_monsterinsights_sitenote_active":false,"_monsterinsights_sitenote_note":"","_monsterinsights_sitenote_category":0,"h5ap_radio_sources":[],"footnotes":""},"categories":[2],"tags":[],"class_list":["post-7514","post","type-post","status-publish","format-standard","has-post-thumbnail","hentry","category-international","wpcat-2-id"],"yoast_head":"<!-- This site is optimized with the Yoast SEO plugin v27.5 - https:\/\/yoast.com\/product\/yoast-seo-wordpress\/ -->\n<title>La France Suspend Les Op\u00e9rations Militaires Conjointes Avec Les Forces Maliennes - SUNUPOST<\/title>\n<meta name=\"robots\" content=\"index, follow, max-snippet:-1, max-image-preview:large, max-video-preview:-1\" \/>\n<link rel=\"canonical\" href=\"https:\/\/sunupost.com\/?p=7514\" \/>\n<meta property=\"og:locale\" content=\"fr_FR\" \/>\n<meta property=\"og:type\" content=\"article\" \/>\n<meta property=\"og:title\" content=\"La France Suspend Les Op\u00e9rations Militaires Conjointes Avec Les Forces Maliennes - SUNUPOST\" \/>\n<meta property=\"og:description\" content=\"La France a suspendu \u00e0 titre conservatoire les op\u00e9rations militaires conjointes avec les forces maliennes, a-t-on appris jeudi 3 juin aupr\u00e8s du minist\u00e8re fran\u00e7ais des...\" \/>\n<meta property=\"og:url\" content=\"https:\/\/sunupost.com\/?p=7514\" \/>\n<meta property=\"og:site_name\" content=\"SUNUPOST\" \/>\n<meta property=\"article:publisher\" content=\"https:\/\/web.facebook.com\/Sunupost-101026658237468\/\" \/>\n<meta property=\"article:published_time\" content=\"2021-06-03T23:07:35+00:00\" \/>\n<meta property=\"og:image\" content=\"https:\/\/secureservercdn.net\/198.71.233.69\/17w.044.myftpupload.com\/wp-content\/uploads\/2021\/06\/soldat-francais.jpg?time=1663171358\" \/>\n\t<meta property=\"og:image:width\" content=\"612\" \/>\n\t<meta property=\"og:image:height\" content=\"298\" \/>\n\t<meta property=\"og:image:type\" content=\"image\/jpeg\" \/>\n<meta name=\"author\" content=\"Binta Ciss\u00e9\" \/>\n<meta name=\"twitter:card\" content=\"summary_large_image\" \/>\n<meta name=\"twitter:creator\" content=\"@sunupost\" \/>\n<meta name=\"twitter:site\" content=\"@sunupost\" \/>\n<meta name=\"twitter:label1\" content=\"\u00c9crit par\" \/>\n\t<meta name=\"twitter:data1\" content=\"Binta Ciss\u00e9\" \/>\n\t<meta name=\"twitter:label2\" content=\"Dur\u00e9e de lecture estim\u00e9e\" \/>\n\t<meta name=\"twitter:data2\" content=\"3 minutes\" \/>\n<script type=\"application\/ld+json\" class=\"yoast-schema-graph\">{\"@context\":\"https:\\\/\\\/schema.org\",\"@graph\":[{\"@type\":\"Article\",\"@id\":\"https:\\\/\\\/sunupost.com\\\/?p=7514#article\",\"isPartOf\":{\"@id\":\"https:\\\/\\\/sunupost.com\\\/?p=7514\"},\"author\":{\"name\":\"Binta Ciss\u00e9\",\"@id\":\"https:\\\/\\\/sunupost.com\\\/#\\\/schema\\\/person\\\/4180ce1fd5a5254dcccf3b93847e92fb\"},\"headline\":\"La France Suspend Les Op\u00e9rations Militaires Conjointes Avec Les Forces Maliennes\",\"datePublished\":\"2021-06-03T23:07:35+00:00\",\"mainEntityOfPage\":{\"@id\":\"https:\\\/\\\/sunupost.com\\\/?p=7514\"},\"wordCount\":782,\"commentCount\":484,\"publisher\":{\"@id\":\"https:\\\/\\\/sunupost.com\\\/#organization\"},\"image\":{\"@id\":\"https:\\\/\\\/sunupost.com\\\/?p=7514#primaryimage\"},\"thumbnailUrl\":\"https:\\\/\\\/sunupost.com\\\/wp-content\\\/uploads\\\/2021\\\/06\\\/soldat-francais.jpg\",\"articleSection\":[\"INTERNATIONAL\"],\"inLanguage\":\"fr-FR\",\"potentialAction\":[{\"@type\":\"CommentAction\",\"name\":\"Comment\",\"target\":[\"https:\\\/\\\/sunupost.com\\\/?p=7514#respond\"]}]},{\"@type\":\"WebPage\",\"@id\":\"https:\\\/\\\/sunupost.com\\\/?p=7514\",\"url\":\"https:\\\/\\\/sunupost.com\\\/?p=7514\",\"name\":\"La France Suspend Les Op\u00e9rations Militaires Conjointes Avec Les Forces Maliennes - SUNUPOST\",\"isPartOf\":{\"@id\":\"https:\\\/\\\/sunupost.com\\\/#website\"},\"primaryImageOfPage\":{\"@id\":\"https:\\\/\\\/sunupost.com\\\/?p=7514#primaryimage\"},\"image\":{\"@id\":\"https:\\\/\\\/sunupost.com\\\/?p=7514#primaryimage\"},\"thumbnailUrl\":\"https:\\\/\\\/sunupost.com\\\/wp-content\\\/uploads\\\/2021\\\/06\\\/soldat-francais.jpg\",\"datePublished\":\"2021-06-03T23:07:35+00:00\",\"breadcrumb\":{\"@id\":\"https:\\\/\\\/sunupost.com\\\/?p=7514#breadcrumb\"},\"inLanguage\":\"fr-FR\",\"potentialAction\":[{\"@type\":\"ReadAction\",\"target\":[\"https:\\\/\\\/sunupost.com\\\/?p=7514\"]}]},{\"@type\":\"ImageObject\",\"inLanguage\":\"fr-FR\",\"@id\":\"https:\\\/\\\/sunupost.com\\\/?p=7514#primaryimage\",\"url\":\"https:\\\/\\\/sunupost.com\\\/wp-content\\\/uploads\\\/2021\\\/06\\\/soldat-francais.jpg\",\"contentUrl\":\"https:\\\/\\\/sunupost.com\\\/wp-content\\\/uploads\\\/2021\\\/06\\\/soldat-francais.jpg\",\"width\":612,\"height\":298},{\"@type\":\"BreadcrumbList\",\"@id\":\"https:\\\/\\\/sunupost.com\\\/?p=7514#breadcrumb\",\"itemListElement\":[{\"@type\":\"ListItem\",\"position\":1,\"name\":\"Home\",\"item\":\"https:\\\/\\\/sunupost.com\\\/\"},{\"@type\":\"ListItem\",\"position\":2,\"name\":\"La France Suspend Les Op\u00e9rations Militaires Conjointes Avec Les Forces Maliennes\"}]},{\"@type\":\"WebSite\",\"@id\":\"https:\\\/\\\/sunupost.com\\\/#website\",\"url\":\"https:\\\/\\\/sunupost.com\\\/\",\"name\":\"SUNUPOST\",\"description\":\"Pens\u00e9e libre\",\"publisher\":{\"@id\":\"https:\\\/\\\/sunupost.com\\\/#organization\"},\"potentialAction\":[{\"@type\":\"SearchAction\",\"target\":{\"@type\":\"EntryPoint\",\"urlTemplate\":\"https:\\\/\\\/sunupost.com\\\/?s={search_term_string}\"},\"query-input\":{\"@type\":\"PropertyValueSpecification\",\"valueRequired\":true,\"valueName\":\"search_term_string\"}}],\"inLanguage\":\"fr-FR\"},{\"@type\":\"Organization\",\"@id\":\"https:\\\/\\\/sunupost.com\\\/#organization\",\"name\":\"SUNUPOST\",\"url\":\"https:\\\/\\\/sunupost.com\\\/\",\"logo\":{\"@type\":\"ImageObject\",\"inLanguage\":\"fr-FR\",\"@id\":\"https:\\\/\\\/sunupost.com\\\/#\\\/schema\\\/logo\\\/image\\\/\",\"url\":\"https:\\\/\\\/secureservercdn.net\\\/198.71.233.206\\\/17w.044.myftpupload.com\\\/wp-content\\\/uploads\\\/2020\\\/05\\\/Lancement.jpg?time=1639052812\",\"contentUrl\":\"https:\\\/\\\/secureservercdn.net\\\/198.71.233.206\\\/17w.044.myftpupload.com\\\/wp-content\\\/uploads\\\/2020\\\/05\\\/Lancement.jpg?time=1639052812\",\"width\":300,\"height\":100,\"caption\":\"SUNUPOST\"},\"image\":{\"@id\":\"https:\\\/\\\/sunupost.com\\\/#\\\/schema\\\/logo\\\/image\\\/\"},\"sameAs\":[\"https:\\\/\\\/web.facebook.com\\\/Sunupost-101026658237468\\\/\",\"https:\\\/\\\/x.com\\\/sunupost\",\"https:\\\/\\\/www.instagram.com\\\/sunupost\\\/\",\"https:\\\/\\\/www.youtube.com\\\/channel\\\/UCd7V7bCkLDOee8yr7CW4Dpw\"]},{\"@type\":\"Person\",\"@id\":\"https:\\\/\\\/sunupost.com\\\/#\\\/schema\\\/person\\\/4180ce1fd5a5254dcccf3b93847e92fb\",\"name\":\"Binta Ciss\u00e9\",\"image\":{\"@type\":\"ImageObject\",\"inLanguage\":\"fr-FR\",\"@id\":\"https:\\\/\\\/secure.gravatar.com\\\/avatar\\\/d7ec4285e9eacdc893e9d8cea0ea6a1ff0a32ecab53f42d0bbe410001c3be0be?s=96&d=mm&r=g\",\"url\":\"https:\\\/\\\/secure.gravatar.com\\\/avatar\\\/d7ec4285e9eacdc893e9d8cea0ea6a1ff0a32ecab53f42d0bbe410001c3be0be?s=96&d=mm&r=g\",\"contentUrl\":\"https:\\\/\\\/secure.gravatar.com\\\/avatar\\\/d7ec4285e9eacdc893e9d8cea0ea6a1ff0a32ecab53f42d0bbe410001c3be0be?s=96&d=mm&r=g\",\"caption\":\"Binta Ciss\u00e9\"},\"url\":\"https:\\\/\\\/sunupost.com\\\/?author=19\"}]}<\/script>\n<!-- \/ Yoast SEO plugin. -->","yoast_head_json":{"title":"La France Suspend Les Op\u00e9rations Militaires Conjointes Avec Les Forces Maliennes - SUNUPOST","robots":{"index":"index","follow":"follow","max-snippet":"max-snippet:-1","max-image-preview":"max-image-preview:large","max-video-preview":"max-video-preview:-1"},"canonical":"https:\/\/sunupost.com\/?p=7514","og_locale":"fr_FR","og_type":"article","og_title":"La France Suspend Les Op\u00e9rations Militaires Conjointes Avec Les Forces Maliennes - SUNUPOST","og_description":"La France a suspendu \u00e0 titre conservatoire les op\u00e9rations militaires conjointes avec les forces maliennes, a-t-on appris jeudi 3 juin aupr\u00e8s du minist\u00e8re fran\u00e7ais des...","og_url":"https:\/\/sunupost.com\/?p=7514","og_site_name":"SUNUPOST","article_publisher":"https:\/\/web.facebook.com\/Sunupost-101026658237468\/","article_published_time":"2021-06-03T23:07:35+00:00","og_image":[{"width":612,"height":298,"url":"https:\/\/secureservercdn.net\/198.71.233.69\/17w.044.myftpupload.com\/wp-content\/uploads\/2021\/06\/soldat-francais.jpg?time=1663171358","type":"image\/jpeg"}],"author":"Binta Ciss\u00e9","twitter_card":"summary_large_image","twitter_creator":"@sunupost","twitter_site":"@sunupost","twitter_misc":{"\u00c9crit par":"Binta Ciss\u00e9","Dur\u00e9e de lecture estim\u00e9e":"3 minutes"},"schema":{"@context":"https:\/\/schema.org","@graph":[{"@type":"Article","@id":"https:\/\/sunupost.com\/?p=7514#article","isPartOf":{"@id":"https:\/\/sunupost.com\/?p=7514"},"author":{"name":"Binta Ciss\u00e9","@id":"https:\/\/sunupost.com\/#\/schema\/person\/4180ce1fd5a5254dcccf3b93847e92fb"},"headline":"La France Suspend Les Op\u00e9rations Militaires Conjointes Avec Les Forces Maliennes","datePublished":"2021-06-03T23:07:35+00:00","mainEntityOfPage":{"@id":"https:\/\/sunupost.com\/?p=7514"},"wordCount":782,"commentCount":484,"publisher":{"@id":"https:\/\/sunupost.com\/#organization"},"image":{"@id":"https:\/\/sunupost.com\/?p=7514#primaryimage"},"thumbnailUrl":"https:\/\/sunupost.com\/wp-content\/uploads\/2021\/06\/soldat-francais.jpg","articleSection":["INTERNATIONAL"],"inLanguage":"fr-FR","potentialAction":[{"@type":"CommentAction","name":"Comment","target":["https:\/\/sunupost.com\/?p=7514#respond"]}]},{"@type":"WebPage","@id":"https:\/\/sunupost.com\/?p=7514","url":"https:\/\/sunupost.com\/?p=7514","name":"La France Suspend Les Op\u00e9rations Militaires Conjointes Avec Les Forces Maliennes - SUNUPOST","isPartOf":{"@id":"https:\/\/sunupost.com\/#website"},"primaryImageOfPage":{"@id":"https:\/\/sunupost.com\/?p=7514#primaryimage"},"image":{"@id":"https:\/\/sunupost.com\/?p=7514#primaryimage"},"thumbnailUrl":"https:\/\/sunupost.com\/wp-content\/uploads\/2021\/06\/soldat-francais.jpg","datePublished":"2021-06-03T23:07:35+00:00","breadcrumb":{"@id":"https:\/\/sunupost.com\/?p=7514#breadcrumb"},"inLanguage":"fr-FR","potentialAction":[{"@type":"ReadAction","target":["https:\/\/sunupost.com\/?p=7514"]}]},{"@type":"ImageObject","inLanguage":"fr-FR","@id":"https:\/\/sunupost.com\/?p=7514#primaryimage","url":"https:\/\/sunupost.com\/wp-content\/uploads\/2021\/06\/soldat-francais.jpg","contentUrl":"https:\/\/sunupost.com\/wp-content\/uploads\/2021\/06\/soldat-francais.jpg","width":612,"height":298},{"@type":"BreadcrumbList","@id":"https:\/\/sunupost.com\/?p=7514#breadcrumb","itemListElement":[{"@type":"ListItem","position":1,"name":"Home","item":"https:\/\/sunupost.com\/"},{"@type":"ListItem","position":2,"name":"La France Suspend Les Op\u00e9rations Militaires Conjointes Avec Les Forces Maliennes"}]},{"@type":"WebSite","@id":"https:\/\/sunupost.com\/#website","url":"https:\/\/sunupost.com\/","name":"SUNUPOST","description":"Pens\u00e9e libre","publisher":{"@id":"https:\/\/sunupost.com\/#organization"},"potentialAction":[{"@type":"SearchAction","target":{"@type":"EntryPoint","urlTemplate":"https:\/\/sunupost.com\/?s={search_term_string}"},"query-input":{"@type":"PropertyValueSpecification","valueRequired":true,"valueName":"search_term_string"}}],"inLanguage":"fr-FR"},{"@type":"Organization","@id":"https:\/\/sunupost.com\/#organization","name":"SUNUPOST","url":"https:\/\/sunupost.com\/","logo":{"@type":"ImageObject","inLanguage":"fr-FR","@id":"https:\/\/sunupost.com\/#\/schema\/logo\/image\/","url":"https:\/\/secureservercdn.net\/198.71.233.206\/17w.044.myftpupload.com\/wp-content\/uploads\/2020\/05\/Lancement.jpg?time=1639052812","contentUrl":"https:\/\/secureservercdn.net\/198.71.233.206\/17w.044.myftpupload.com\/wp-content\/uploads\/2020\/05\/Lancement.jpg?time=1639052812","width":300,"height":100,"caption":"SUNUPOST"},"image":{"@id":"https:\/\/sunupost.com\/#\/schema\/logo\/image\/"},"sameAs":["https:\/\/web.facebook.com\/Sunupost-101026658237468\/","https:\/\/x.com\/sunupost","https:\/\/www.instagram.com\/sunupost\/","https:\/\/www.youtube.com\/channel\/UCd7V7bCkLDOee8yr7CW4Dpw"]},{"@type":"Person","@id":"https:\/\/sunupost.com\/#\/schema\/person\/4180ce1fd5a5254dcccf3b93847e92fb","name":"Binta Ciss\u00e9","image":{"@type":"ImageObject","inLanguage":"fr-FR","@id":"https:\/\/secure.gravatar.com\/avatar\/d7ec4285e9eacdc893e9d8cea0ea6a1ff0a32ecab53f42d0bbe410001c3be0be?s=96&d=mm&r=g","url":"https:\/\/secure.gravatar.com\/avatar\/d7ec4285e9eacdc893e9d8cea0ea6a1ff0a32ecab53f42d0bbe410001c3be0be?s=96&d=mm&r=g","contentUrl":"https:\/\/secure.gravatar.com\/avatar\/d7ec4285e9eacdc893e9d8cea0ea6a1ff0a32ecab53f42d0bbe410001c3be0be?s=96&d=mm&r=g","caption":"Binta Ciss\u00e9"},"url":"https:\/\/sunupost.com\/?author=19"}]}},"_links":{"self":[{"href":"https:\/\/sunupost.com\/index.php?rest_route=\/wp\/v2\/posts\/7514","targetHints":{"allow":["GET"]}}],"collection":[{"href":"https:\/\/sunupost.com\/index.php?rest_route=\/wp\/v2\/posts"}],"about":[{"href":"https:\/\/sunupost.com\/index.php?rest_route=\/wp\/v2\/types\/post"}],"author":[{"embeddable":true,"href":"https:\/\/sunupost.com\/index.php?rest_route=\/wp\/v2\/users\/19"}],"replies":[{"embeddable":true,"href":"https:\/\/sunupost.com\/index.php?rest_route=%2Fwp%2Fv2%2Fcomments&post=7514"}],"version-history":[{"count":0,"href":"https:\/\/sunupost.com\/index.php?rest_route=\/wp\/v2\/posts\/7514\/revisions"}],"wp:featuredmedia":[{"embeddable":true,"href":"https:\/\/sunupost.com\/index.php?rest_route=\/wp\/v2\/media\/7515"}],"wp:attachment":[{"href":"https:\/\/sunupost.com\/index.php?rest_route=%2Fwp%2Fv2%2Fmedia&parent=7514"}],"wp:term":[{"taxonomy":"category","embeddable":true,"href":"https:\/\/sunupost.com\/index.php?rest_route=%2Fwp%2Fv2%2Fcategories&post=7514"},{"taxonomy":"post_tag","embeddable":true,"href":"https:\/\/sunupost.com\/index.php?rest_route=%2Fwp%2Fv2%2Ftags&post=7514"}],"curies":[{"name":"wp","href":"https:\/\/api.w.org\/{rel}","templated":true}]}}