{"id":7698,"date":"2021-06-10T15:47:32","date_gmt":"2021-06-10T15:47:32","guid":{"rendered":"https:\/\/sunupost.com\/?p=7698"},"modified":"2021-06-10T15:47:32","modified_gmt":"2021-06-10T15:47:32","slug":"lhomme-qui-a-gifle-emmanuel-macron-condamne-a-18-mois-de-prison-dont-4-ferme","status":"publish","type":"post","link":"https:\/\/sunupost.com\/?p=7698","title":{"rendered":"L\u2019Homme Qui A Gifl\u00e9 Emmanuel Macron Condamn\u00e9 A 18 Mois De Prison Dont 4 Ferme"},"content":{"rendered":"<p>Le parquet a requis, jeudi 10 juin, \u00e0 Valence une peine de 18 mois de prison contre Damien T., qui a reconnu \u00e0 l\u2019audience avoir, deux jours plus t\u00f4t, gifl\u00e9 le pr\u00e9sident Emmanuel Macron lors d\u2019un d\u00e9placement dans la Dr\u00f4me.<\/p>\n<p>Damien T., l\u2019homme qui a agress\u00e9 le pr\u00e9sident de la R\u00e9publique, Emmanuel Macron, lors d\u2019une visite dans la Dr\u00f4me, a \u00e9t\u00e9 condamn\u00e9 \u00e0 \u00e0 dix-huit mois de prison dont quatre ferme, jeudi 10\u00a0juin. Il \u00e9tait jug\u00e9 \u00e0 Valence\u00a0en comparution imm\u00e9diate\u00a0deux jours apr\u00e8s les faits qui ont suscit\u00e9 un\u00a0soutien unanime\u00a0des responsables politiques. Le tribunal de Valence a assorti cette peine d\u2019un mandat de d\u00e9p\u00f4t, signifiant que Damien T. sera emprisonn\u00e9 d\u00e8s jeudi soir.<\/p>\n<p>Le parquet avait requis une peine de dix-huit mois de prison, sans am\u00e9nagement de peine,\u00a0contre le jeune homme, \u00e2g\u00e9 de 28\u00a0ans, qui a reconnu \u00e0 l\u2019audience avoir gifl\u00e9 le chef de l\u2019Etat. Le procureur a r\u00e9clam\u00e9 un mandat de d\u00e9p\u00f4t \u00e0 son encontre.<\/p>\n<p>Cette gifle,\u00a0\u00ab\u00a0parfaitement inadmissible\u00a0\u00bb, est un\u00a0\u00ab\u00a0acte de violence d\u00e9lib\u00e9r\u00e9e\u00a0\u00bb, a soutenu le repr\u00e9sentant du minist\u00e8re public face au pr\u00e9venu.\u00a0\u00ab\u00a0Il n\u2019y a pas d\u2019incapacit\u00e9 temporaire totale mais il y a un acte violent\u00a0\u00bb, a ajout\u00e9 le magistrat, soulignant que le pr\u00e9sident\u00a0\u00ab\u00a0n\u2019a pas souhait\u00e9 voir un m\u00e9decin\u00a0\u00bb.\u00a0\u00ab\u00a0Je ne demande pas d\u2019amende mais je vous demande d\u2019envisager de prononcer \u00e0 son encontre une interdiction d\u00e9finitive d\u2019exercer une fonction publique\u00a0\u00bb, ainsi qu\u2019une interdiction du droit de vote pour cinq ans maximum et une interdiction de d\u00e9tention d\u2019arme pour la m\u00eame dur\u00e9e, a d\u00e9clar\u00e9 le magistrat, qui avait rappel\u00e9 que Damien T. encourait trois ans de prison et 45\u00a0000\u00a0euros d\u2019amende. Le procureur s\u2019est inqui\u00e9t\u00e9 d\u2019un possible risque de r\u00e9cidive, disant percevoir\u00a0\u00ab\u00a0une sorte de d\u00e9termination froide\u00a0\u00bb\u00a0chez cet homme inconnu de la justice.<\/p>\n","protected":false},"excerpt":{"rendered":"<p>Le parquet a requis, jeudi 10 juin, \u00e0 Valence une peine de 18 mois de prison contre Damien T., qui a reconnu \u00e0 l\u2019audience avoir,&#8230;<\/p>\n","protected":false},"author":10,"featured_media":7699,"comment_status":"open","ping_status":"open","sticky":false,"template":"","format":"standard","meta":{"_coblocks_attr":"","_coblocks_dimensions":"","_coblocks_responsive_height":"","_coblocks_accordion_ie_support":"","_monsterinsights_skip_tracking":false,"_monsterinsights_sitenote_active":false,"_monsterinsights_sitenote_note":"","_monsterinsights_sitenote_category":0,"h5ap_radio_sources":[],"footnotes":""},"categories":[2],"tags":[],"class_list":["post-7698","post","type-post","status-publish","format-standard","has-post-thumbnail","hentry","category-international","wpcat-2-id"],"yoast_head":"<!-- This site is optimized with the Yoast SEO plugin v27.5 - https:\/\/yoast.com\/product\/yoast-seo-wordpress\/ -->\n<title>L\u2019Homme Qui A Gifl\u00e9 Emmanuel Macron Condamn\u00e9 A 18 Mois De Prison Dont 4 Ferme - SUNUPOST<\/title>\n<meta name=\"robots\" content=\"index, follow, max-snippet:-1, max-image-preview:large, max-video-preview:-1\" \/>\n<link rel=\"canonical\" href=\"https:\/\/sunupost.com\/?p=7698\" \/>\n<meta property=\"og:locale\" content=\"fr_FR\" \/>\n<meta property=\"og:type\" content=\"article\" \/>\n<meta property=\"og:title\" content=\"L\u2019Homme Qui A Gifl\u00e9 Emmanuel Macron Condamn\u00e9 A 18 Mois De Prison Dont 4 Ferme - SUNUPOST\" \/>\n<meta property=\"og:description\" content=\"Le parquet a requis, jeudi 10 juin, \u00e0 Valence une peine de 18 mois de prison contre Damien T., qui a reconnu \u00e0 l\u2019audience avoir,...\" \/>\n<meta property=\"og:url\" content=\"https:\/\/sunupost.com\/?p=7698\" \/>\n<meta property=\"og:site_name\" content=\"SUNUPOST\" \/>\n<meta property=\"article:publisher\" content=\"https:\/\/web.facebook.com\/Sunupost-101026658237468\/\" \/>\n<meta property=\"article:published_time\" content=\"2021-06-10T15:47:32+00:00\" \/>\n<meta property=\"og:image\" content=\"https:\/\/secureservercdn.net\/198.71.233.69\/17w.044.myftpupload.com\/wp-content\/uploads\/2021\/06\/MACCRON.png?time=1663133378\" \/>\n\t<meta property=\"og:image:width\" content=\"631\" \/>\n\t<meta property=\"og:image:height\" content=\"356\" \/>\n\t<meta property=\"og:image:type\" content=\"image\/png\" \/>\n<meta name=\"author\" content=\"La R\u00e9daction\" \/>\n<meta name=\"twitter:card\" content=\"summary_large_image\" \/>\n<meta name=\"twitter:creator\" content=\"@sunupost\" \/>\n<meta name=\"twitter:site\" content=\"@sunupost\" \/>\n<meta name=\"twitter:label1\" content=\"\u00c9crit par\" \/>\n\t<meta name=\"twitter:data1\" content=\"La R\u00e9daction\" \/>\n\t<meta name=\"twitter:label2\" content=\"Dur\u00e9e de lecture estim\u00e9e\" \/>\n\t<meta name=\"twitter:data2\" content=\"2 minutes\" \/>\n<script type=\"application\/ld+json\" class=\"yoast-schema-graph\">{\"@context\":\"https:\\\/\\\/schema.org\",\"@graph\":[{\"@type\":\"Article\",\"@id\":\"https:\\\/\\\/sunupost.com\\\/?p=7698#article\",\"isPartOf\":{\"@id\":\"https:\\\/\\\/sunupost.com\\\/?p=7698\"},\"author\":{\"name\":\"La R\u00e9daction\",\"@id\":\"https:\\\/\\\/sunupost.com\\\/#\\\/schema\\\/person\\\/9c04c80a48c29cd2be004cf57947ebb0\"},\"headline\":\"L\u2019Homme Qui A Gifl\u00e9 Emmanuel Macron Condamn\u00e9 A 18 Mois De Prison Dont 4 Ferme\",\"datePublished\":\"2021-06-10T15:47:32+00:00\",\"mainEntityOfPage\":{\"@id\":\"https:\\\/\\\/sunupost.com\\\/?p=7698\"},\"wordCount\":346,\"commentCount\":281,\"publisher\":{\"@id\":\"https:\\\/\\\/sunupost.com\\\/#organization\"},\"image\":{\"@id\":\"https:\\\/\\\/sunupost.com\\\/?p=7698#primaryimage\"},\"thumbnailUrl\":\"https:\\\/\\\/sunupost.com\\\/wp-content\\\/uploads\\\/2021\\\/06\\\/MACCRON.png\",\"articleSection\":[\"INTERNATIONAL\"],\"inLanguage\":\"fr-FR\",\"potentialAction\":[{\"@type\":\"CommentAction\",\"name\":\"Comment\",\"target\":[\"https:\\\/\\\/sunupost.com\\\/?p=7698#respond\"]}]},{\"@type\":\"WebPage\",\"@id\":\"https:\\\/\\\/sunupost.com\\\/?p=7698\",\"url\":\"https:\\\/\\\/sunupost.com\\\/?p=7698\",\"name\":\"L\u2019Homme Qui A Gifl\u00e9 Emmanuel Macron Condamn\u00e9 A 18 Mois De Prison Dont 4 Ferme - SUNUPOST\",\"isPartOf\":{\"@id\":\"https:\\\/\\\/sunupost.com\\\/#website\"},\"primaryImageOfPage\":{\"@id\":\"https:\\\/\\\/sunupost.com\\\/?p=7698#primaryimage\"},\"image\":{\"@id\":\"https:\\\/\\\/sunupost.com\\\/?p=7698#primaryimage\"},\"thumbnailUrl\":\"https:\\\/\\\/sunupost.com\\\/wp-content\\\/uploads\\\/2021\\\/06\\\/MACCRON.png\",\"datePublished\":\"2021-06-10T15:47:32+00:00\",\"breadcrumb\":{\"@id\":\"https:\\\/\\\/sunupost.com\\\/?p=7698#breadcrumb\"},\"inLanguage\":\"fr-FR\",\"potentialAction\":[{\"@type\":\"ReadAction\",\"target\":[\"https:\\\/\\\/sunupost.com\\\/?p=7698\"]}]},{\"@type\":\"ImageObject\",\"inLanguage\":\"fr-FR\",\"@id\":\"https:\\\/\\\/sunupost.com\\\/?p=7698#primaryimage\",\"url\":\"https:\\\/\\\/sunupost.com\\\/wp-content\\\/uploads\\\/2021\\\/06\\\/MACCRON.png\",\"contentUrl\":\"https:\\\/\\\/sunupost.com\\\/wp-content\\\/uploads\\\/2021\\\/06\\\/MACCRON.png\",\"width\":631,\"height\":356},{\"@type\":\"BreadcrumbList\",\"@id\":\"https:\\\/\\\/sunupost.com\\\/?p=7698#breadcrumb\",\"itemListElement\":[{\"@type\":\"ListItem\",\"position\":1,\"name\":\"Home\",\"item\":\"https:\\\/\\\/sunupost.com\\\/\"},{\"@type\":\"ListItem\",\"position\":2,\"name\":\"L\u2019Homme Qui A Gifl\u00e9 Emmanuel Macron Condamn\u00e9 A 18 Mois De Prison Dont 4 Ferme\"}]},{\"@type\":\"WebSite\",\"@id\":\"https:\\\/\\\/sunupost.com\\\/#website\",\"url\":\"https:\\\/\\\/sunupost.com\\\/\",\"name\":\"SUNUPOST\",\"description\":\"Pens\u00e9e libre\",\"publisher\":{\"@id\":\"https:\\\/\\\/sunupost.com\\\/#organization\"},\"potentialAction\":[{\"@type\":\"SearchAction\",\"target\":{\"@type\":\"EntryPoint\",\"urlTemplate\":\"https:\\\/\\\/sunupost.com\\\/?s={search_term_string}\"},\"query-input\":{\"@type\":\"PropertyValueSpecification\",\"valueRequired\":true,\"valueName\":\"search_term_string\"}}],\"inLanguage\":\"fr-FR\"},{\"@type\":\"Organization\",\"@id\":\"https:\\\/\\\/sunupost.com\\\/#organization\",\"name\":\"SUNUPOST\",\"url\":\"https:\\\/\\\/sunupost.com\\\/\",\"logo\":{\"@type\":\"ImageObject\",\"inLanguage\":\"fr-FR\",\"@id\":\"https:\\\/\\\/sunupost.com\\\/#\\\/schema\\\/logo\\\/image\\\/\",\"url\":\"https:\\\/\\\/secureservercdn.net\\\/198.71.233.206\\\/17w.044.myftpupload.com\\\/wp-content\\\/uploads\\\/2020\\\/05\\\/Lancement.jpg?time=1639052812\",\"contentUrl\":\"https:\\\/\\\/secureservercdn.net\\\/198.71.233.206\\\/17w.044.myftpupload.com\\\/wp-content\\\/uploads\\\/2020\\\/05\\\/Lancement.jpg?time=1639052812\",\"width\":300,\"height\":100,\"caption\":\"SUNUPOST\"},\"image\":{\"@id\":\"https:\\\/\\\/sunupost.com\\\/#\\\/schema\\\/logo\\\/image\\\/\"},\"sameAs\":[\"https:\\\/\\\/web.facebook.com\\\/Sunupost-101026658237468\\\/\",\"https:\\\/\\\/x.com\\\/sunupost\",\"https:\\\/\\\/www.instagram.com\\\/sunupost\\\/\",\"https:\\\/\\\/www.youtube.com\\\/channel\\\/UCd7V7bCkLDOee8yr7CW4Dpw\"]},{\"@type\":\"Person\",\"@id\":\"https:\\\/\\\/sunupost.com\\\/#\\\/schema\\\/person\\\/9c04c80a48c29cd2be004cf57947ebb0\",\"name\":\"La R\u00e9daction\",\"image\":{\"@type\":\"ImageObject\",\"inLanguage\":\"fr-FR\",\"@id\":\"https:\\\/\\\/secure.gravatar.com\\\/avatar\\\/1dc7c1ffd136391c1a6d8806c3431e1a2dd9445015e3f66472e3c63e9c80807e?s=96&d=mm&r=g\",\"url\":\"https:\\\/\\\/secure.gravatar.com\\\/avatar\\\/1dc7c1ffd136391c1a6d8806c3431e1a2dd9445015e3f66472e3c63e9c80807e?s=96&d=mm&r=g\",\"contentUrl\":\"https:\\\/\\\/secure.gravatar.com\\\/avatar\\\/1dc7c1ffd136391c1a6d8806c3431e1a2dd9445015e3f66472e3c63e9c80807e?s=96&d=mm&r=g\",\"caption\":\"La R\u00e9daction\"},\"url\":\"https:\\\/\\\/sunupost.com\\\/?author=10\"}]}<\/script>\n<!-- \/ Yoast SEO plugin. -->","yoast_head_json":{"title":"L\u2019Homme Qui A Gifl\u00e9 Emmanuel Macron Condamn\u00e9 A 18 Mois De Prison Dont 4 Ferme - SUNUPOST","robots":{"index":"index","follow":"follow","max-snippet":"max-snippet:-1","max-image-preview":"max-image-preview:large","max-video-preview":"max-video-preview:-1"},"canonical":"https:\/\/sunupost.com\/?p=7698","og_locale":"fr_FR","og_type":"article","og_title":"L\u2019Homme Qui A Gifl\u00e9 Emmanuel Macron Condamn\u00e9 A 18 Mois De Prison Dont 4 Ferme - SUNUPOST","og_description":"Le parquet a requis, jeudi 10 juin, \u00e0 Valence une peine de 18 mois de prison contre Damien T., qui a reconnu \u00e0 l\u2019audience avoir,...","og_url":"https:\/\/sunupost.com\/?p=7698","og_site_name":"SUNUPOST","article_publisher":"https:\/\/web.facebook.com\/Sunupost-101026658237468\/","article_published_time":"2021-06-10T15:47:32+00:00","og_image":[{"width":631,"height":356,"url":"https:\/\/secureservercdn.net\/198.71.233.69\/17w.044.myftpupload.com\/wp-content\/uploads\/2021\/06\/MACCRON.png?time=1663133378","type":"image\/png"}],"author":"La R\u00e9daction","twitter_card":"summary_large_image","twitter_creator":"@sunupost","twitter_site":"@sunupost","twitter_misc":{"\u00c9crit par":"La R\u00e9daction","Dur\u00e9e de lecture estim\u00e9e":"2 minutes"},"schema":{"@context":"https:\/\/schema.org","@graph":[{"@type":"Article","@id":"https:\/\/sunupost.com\/?p=7698#article","isPartOf":{"@id":"https:\/\/sunupost.com\/?p=7698"},"author":{"name":"La R\u00e9daction","@id":"https:\/\/sunupost.com\/#\/schema\/person\/9c04c80a48c29cd2be004cf57947ebb0"},"headline":"L\u2019Homme Qui A Gifl\u00e9 Emmanuel Macron Condamn\u00e9 A 18 Mois De Prison Dont 4 Ferme","datePublished":"2021-06-10T15:47:32+00:00","mainEntityOfPage":{"@id":"https:\/\/sunupost.com\/?p=7698"},"wordCount":346,"commentCount":281,"publisher":{"@id":"https:\/\/sunupost.com\/#organization"},"image":{"@id":"https:\/\/sunupost.com\/?p=7698#primaryimage"},"thumbnailUrl":"https:\/\/sunupost.com\/wp-content\/uploads\/2021\/06\/MACCRON.png","articleSection":["INTERNATIONAL"],"inLanguage":"fr-FR","potentialAction":[{"@type":"CommentAction","name":"Comment","target":["https:\/\/sunupost.com\/?p=7698#respond"]}]},{"@type":"WebPage","@id":"https:\/\/sunupost.com\/?p=7698","url":"https:\/\/sunupost.com\/?p=7698","name":"L\u2019Homme Qui A Gifl\u00e9 Emmanuel Macron Condamn\u00e9 A 18 Mois De Prison Dont 4 Ferme - SUNUPOST","isPartOf":{"@id":"https:\/\/sunupost.com\/#website"},"primaryImageOfPage":{"@id":"https:\/\/sunupost.com\/?p=7698#primaryimage"},"image":{"@id":"https:\/\/sunupost.com\/?p=7698#primaryimage"},"thumbnailUrl":"https:\/\/sunupost.com\/wp-content\/uploads\/2021\/06\/MACCRON.png","datePublished":"2021-06-10T15:47:32+00:00","breadcrumb":{"@id":"https:\/\/sunupost.com\/?p=7698#breadcrumb"},"inLanguage":"fr-FR","potentialAction":[{"@type":"ReadAction","target":["https:\/\/sunupost.com\/?p=7698"]}]},{"@type":"ImageObject","inLanguage":"fr-FR","@id":"https:\/\/sunupost.com\/?p=7698#primaryimage","url":"https:\/\/sunupost.com\/wp-content\/uploads\/2021\/06\/MACCRON.png","contentUrl":"https:\/\/sunupost.com\/wp-content\/uploads\/2021\/06\/MACCRON.png","width":631,"height":356},{"@type":"BreadcrumbList","@id":"https:\/\/sunupost.com\/?p=7698#breadcrumb","itemListElement":[{"@type":"ListItem","position":1,"name":"Home","item":"https:\/\/sunupost.com\/"},{"@type":"ListItem","position":2,"name":"L\u2019Homme Qui A Gifl\u00e9 Emmanuel Macron Condamn\u00e9 A 18 Mois De Prison Dont 4 Ferme"}]},{"@type":"WebSite","@id":"https:\/\/sunupost.com\/#website","url":"https:\/\/sunupost.com\/","name":"SUNUPOST","description":"Pens\u00e9e libre","publisher":{"@id":"https:\/\/sunupost.com\/#organization"},"potentialAction":[{"@type":"SearchAction","target":{"@type":"EntryPoint","urlTemplate":"https:\/\/sunupost.com\/?s={search_term_string}"},"query-input":{"@type":"PropertyValueSpecification","valueRequired":true,"valueName":"search_term_string"}}],"inLanguage":"fr-FR"},{"@type":"Organization","@id":"https:\/\/sunupost.com\/#organization","name":"SUNUPOST","url":"https:\/\/sunupost.com\/","logo":{"@type":"ImageObject","inLanguage":"fr-FR","@id":"https:\/\/sunupost.com\/#\/schema\/logo\/image\/","url":"https:\/\/secureservercdn.net\/198.71.233.206\/17w.044.myftpupload.com\/wp-content\/uploads\/2020\/05\/Lancement.jpg?time=1639052812","contentUrl":"https:\/\/secureservercdn.net\/198.71.233.206\/17w.044.myftpupload.com\/wp-content\/uploads\/2020\/05\/Lancement.jpg?time=1639052812","width":300,"height":100,"caption":"SUNUPOST"},"image":{"@id":"https:\/\/sunupost.com\/#\/schema\/logo\/image\/"},"sameAs":["https:\/\/web.facebook.com\/Sunupost-101026658237468\/","https:\/\/x.com\/sunupost","https:\/\/www.instagram.com\/sunupost\/","https:\/\/www.youtube.com\/channel\/UCd7V7bCkLDOee8yr7CW4Dpw"]},{"@type":"Person","@id":"https:\/\/sunupost.com\/#\/schema\/person\/9c04c80a48c29cd2be004cf57947ebb0","name":"La R\u00e9daction","image":{"@type":"ImageObject","inLanguage":"fr-FR","@id":"https:\/\/secure.gravatar.com\/avatar\/1dc7c1ffd136391c1a6d8806c3431e1a2dd9445015e3f66472e3c63e9c80807e?s=96&d=mm&r=g","url":"https:\/\/secure.gravatar.com\/avatar\/1dc7c1ffd136391c1a6d8806c3431e1a2dd9445015e3f66472e3c63e9c80807e?s=96&d=mm&r=g","contentUrl":"https:\/\/secure.gravatar.com\/avatar\/1dc7c1ffd136391c1a6d8806c3431e1a2dd9445015e3f66472e3c63e9c80807e?s=96&d=mm&r=g","caption":"La R\u00e9daction"},"url":"https:\/\/sunupost.com\/?author=10"}]}},"_links":{"self":[{"href":"https:\/\/sunupost.com\/index.php?rest_route=\/wp\/v2\/posts\/7698","targetHints":{"allow":["GET"]}}],"collection":[{"href":"https:\/\/sunupost.com\/index.php?rest_route=\/wp\/v2\/posts"}],"about":[{"href":"https:\/\/sunupost.com\/index.php?rest_route=\/wp\/v2\/types\/post"}],"author":[{"embeddable":true,"href":"https:\/\/sunupost.com\/index.php?rest_route=\/wp\/v2\/users\/10"}],"replies":[{"embeddable":true,"href":"https:\/\/sunupost.com\/index.php?rest_route=%2Fwp%2Fv2%2Fcomments&post=7698"}],"version-history":[{"count":0,"href":"https:\/\/sunupost.com\/index.php?rest_route=\/wp\/v2\/posts\/7698\/revisions"}],"wp:featuredmedia":[{"embeddable":true,"href":"https:\/\/sunupost.com\/index.php?rest_route=\/wp\/v2\/media\/7699"}],"wp:attachment":[{"href":"https:\/\/sunupost.com\/index.php?rest_route=%2Fwp%2Fv2%2Fmedia&parent=7698"}],"wp:term":[{"taxonomy":"category","embeddable":true,"href":"https:\/\/sunupost.com\/index.php?rest_route=%2Fwp%2Fv2%2Fcategories&post=7698"},{"taxonomy":"post_tag","embeddable":true,"href":"https:\/\/sunupost.com\/index.php?rest_route=%2Fwp%2Fv2%2Ftags&post=7698"}],"curies":[{"name":"wp","href":"https:\/\/api.w.org\/{rel}","templated":true}]}}