{"id":7943,"date":"2021-06-24T21:34:06","date_gmt":"2021-06-24T21:34:06","guid":{"rendered":"https:\/\/sunupost.com\/?p=7943"},"modified":"2021-06-24T21:34:06","modified_gmt":"2021-06-24T21:34:06","slug":"projets-de-loi-voici-les-faits-que-macky-sall-veut-qualifier-desormais-dactes-terroristes","status":"publish","type":"post","link":"https:\/\/sunupost.com\/?p=7943","title":{"rendered":"Projets de loi : Voici les faits que Macky Sall veut qualifier d\u00e9sormais d\u2019actes terroristes"},"content":{"rendered":"<div class=\"titre\">\n<h1 class=\"access\"><span style=\"font-size: 16px;\">Le projet de loi n\u00b010\/2021 modifiant la loi n\u00b065-60 du 21 juillet 1965 portant Code p\u00e9nal et celui du n\u00b011\/2021 modifiant la loi n\u00b065-61 du 21 juillet 1965 portant Code de proc\u00e9dure p\u00e9nale vont \u00eatre soumis au vote, demain vendredi 25 juin, \u00e0 l\u2019Assembl\u00e9e nationale. V<\/span><\/h1>\n<h1 class=\"access\"><span style=\"font-size: 16px;\">Le projet de loi n\u00b010\/2021 modifiant la loi n\u00b065-60 du 21 juillet 1965 portant Code p\u00e9nal et celui du n\u00b011\/2021 modifiant la loi n\u00b065-61 du 21 juillet 1965 portant Code de proc\u00e9dure p\u00e9nale vont \u00eatre soumis au vote, demain vendredi 25 juin, \u00e0 l\u2019Assembl\u00e9e nationale.<\/p>\n<p>Dans un d\u00e9cret dat\u00e9 du 15 juin, le pr\u00e9sident de Macky Sall a charg\u00e9 le garde des Sceaux, Ministre de la Justice, Me Malick Sall, d\u2019en exposer les motifs et d\u2019en soutenir la discussion devant l\u2019h\u00e9micycle.<\/p>\n<p>De plus, le chef de l\u2019Etat a instruit ce dernier et le ministre du Travail, du Dialogue social, des Organisations professionnelles et des Relations avec les Institutions d\u2019ex\u00e9cuter le d\u00e9cret qui sera publi\u00e9 dans le \u00abJournal officiel\u00bb.<\/p>\n<p>En attendant, Seneweb a parcouru le document.<\/p>\n<p>En effet, le gouvernement veut d\u00e9sormais lutter contre les \u00abactes terroristes et autres actes d\u2019appui\u00bb.\u00a0 Selon lui, \u00abconstituent des actes terroristes punis de la r\u00e9clusion criminelle \u00e0 perp\u00e9tuit\u00e9, lorsqu\u2019ils sont commis intentionnellement en relation avec une entreprise individuelle ou collective ayant pour but d\u2019intimider une population, de troubler gravement l\u2019ordre public ou le fonctionnement normal des institutions nationales ou internationales, de contraindre un gouvernement ou une organisation internationale \u00e0 accomplir ou \u00e0 s\u2019abstenir d\u2019accomplir un acte quelconque la terreur, les attentats et complots, les crimes commis par la participation \u00e0 un mouvement insurrectionnel, les violences et voies de fait commis contre les personnes et les destructions ou d\u00e9gradations commises lors d\u2019un rassemblement, les enl\u00e8vements et s\u00e9questrations, les menaces, les infractions li\u00e9es aux technologies de l\u2019information et de la communication.<\/p>\n<p>Sur les sanctions, le projet de loi informe qu\u2019est puni d\u2019un emprisonnement d\u2019un \u00e0 cinq ans et d\u2019une amende de 500 000 \u00e0 2 000 000 F CFA, celui qui fait l\u2019apologie des actes vis\u00e9s. Il s\u2019agit de toute personne qui recrute une autre personne pour faire partie d\u2019un groupe ou pour participer \u00e0 la commission d\u2019un acte terroriste, est punie de la r\u00e9clusion criminelle \u00e0 perp\u00e9tuit\u00e9, toute personne qui fournit ou propose de fournir des armes \u00e0 un groupe, \u00e0 un membre d\u2019un groupe ou \u00e0 toute autre personne pour sa participation \u00e0 la commission d\u2019un acte terroriste, est punie de la r\u00e9clusion criminelle \u00e0 perp\u00e9tuit\u00e9. Ou encore, toute personne qui, en dehors des infractions pr\u00e9vues par la l\u00e9gislation en vigueur \u00e0 la lutte contre le blanchiment de capitaux et le financement du terrorisme, fournit un appui \u00e0 un groupe, \u00e0 un membre d\u2019un groupe ou \u00e0 toute autre personne, pour sa participation \u00e0 la commission d\u2019un acte terroriste, est punie de la r\u00e9clusion criminelle \u00e0 perp\u00e9tuit\u00e9.<\/p>\n<p>Celui qui distribue ou met \u00e0 la disposition du public un message dans l\u2019intention d\u2019inciter \u00e0 la commission d\u2019un acte terroriste, en fait \u00e9galement partie. Et il est puni de la r\u00e9clusion criminelle \u00e0 perp\u00e9tuit\u00e9 lorsqu\u2019il y a un risque qu\u2019un ou plusieurs de ces actes soient commis.<\/p>\n<p><b>Des peines allant de 5 \u00e0 10 ans de prison et des amendes de 500 000 \u00e0 2 000 000 F CFA<\/b><\/p>\n<p>Toujours, sont \u00e9galement punis d\u2019un emprisonnement de 5 \u00e0 10 ans et d\u2019une amende de 500 000 \u00e0 2 000 000 F CFA, \u00abceux qui ont sciemment recel\u00e9 une personne qu\u2019ils savaient avoir commis un acte terroriste, qu\u2019ils savaient recherch\u00e9 de ce fait par la justice ou qui ont soustrait ou tent\u00e9 de soustraire la personne poursuivie pour le m\u00eame fait \u00e0 l\u2019arrestation ou aux recherches, ou l\u2019ont aid\u00e9e \u00e0 se cacher ou \u00e0 prendre la fuite\u00bb ; \u00abceux qui ne peuvent pas justifier de ressources correspondant \u00e0 leur train de vie, tout en \u00e9tant en relations habituelles avec une ou plusieurs personnes se livrant \u00e0 un acte terroriste\u00bb, entre autres.<\/p>\n<p>Des \u00e9nonc\u00e9s qui ont fait r\u00e9agir l\u2019opposition parlementaire. \u00abCes modifications visent fondamentalement \u00e0 assimiler l\u2019exercice du droit de manifester \u00e0 du terrorisme (exemple : titre II article 279-1). Ceci est tr\u00e8s grave et inacceptable. Nous allons d\u00e9noncer, avec le FRN, le M2D et toutes les forces vives de la nation cette forfaiture et cette attaque contre notre d\u00e9mocratie\u00bb, avertit-elle.\u00a0<\/span><\/h1>\n<\/div>\n<div class=\"chapeau\">\n<p><img decoding=\"async\" src=\"https:\/\/www.pressafrik.com\/photo\/art\/default\/57312346-42483768.jpg?v=1624564803\" alt=\"Ce que disent les deux projets de loi que le gouvernement compte faire voter vendredi \u00e0 l'Assembl\u00e9e (DOCUMENTS)\" \/><\/p>\n<\/div>\n","protected":false},"excerpt":{"rendered":"<p>Le projet de loi n\u00b010\/2021 modifiant la loi n\u00b065-60 du 21 juillet 1965 portant Code p\u00e9nal et celui du n\u00b011\/2021 modifiant la loi n\u00b065-61 du&#8230;<\/p>\n","protected":false},"author":19,"featured_media":7944,"comment_status":"open","ping_status":"open","sticky":false,"template":"","format":"standard","meta":{"_coblocks_attr":"","_coblocks_dimensions":"","_coblocks_responsive_height":"","_coblocks_accordion_ie_support":"","_monsterinsights_skip_tracking":false,"_monsterinsights_sitenote_active":false,"_monsterinsights_sitenote_note":"","_monsterinsights_sitenote_category":0,"h5ap_radio_sources":[],"footnotes":""},"categories":[15],"tags":[],"class_list":["post-7943","post","type-post","status-publish","format-standard","has-post-thumbnail","hentry","category-a-la-une","wpcat-15-id"],"yoast_head":"<!-- This site is optimized with the Yoast SEO plugin v27.4 - https:\/\/yoast.com\/product\/yoast-seo-wordpress\/ -->\n<title>Projets de loi : Voici les faits que Macky Sall veut qualifier d\u00e9sormais d\u2019actes terroristes - SUNUPOST<\/title>\n<meta name=\"robots\" content=\"index, follow, max-snippet:-1, max-image-preview:large, max-video-preview:-1\" \/>\n<link rel=\"canonical\" href=\"https:\/\/sunupost.com\/?p=7943\" \/>\n<meta property=\"og:locale\" content=\"fr_FR\" \/>\n<meta property=\"og:type\" content=\"article\" \/>\n<meta property=\"og:title\" content=\"Projets de loi : Voici les faits que Macky Sall veut qualifier d\u00e9sormais d\u2019actes terroristes - SUNUPOST\" \/>\n<meta property=\"og:description\" content=\"Le projet de loi n\u00b010\/2021 modifiant la loi n\u00b065-60 du 21 juillet 1965 portant Code p\u00e9nal et celui du n\u00b011\/2021 modifiant la loi n\u00b065-61 du...\" \/>\n<meta property=\"og:url\" content=\"https:\/\/sunupost.com\/?p=7943\" \/>\n<meta property=\"og:site_name\" content=\"SUNUPOST\" \/>\n<meta property=\"article:publisher\" content=\"https:\/\/web.facebook.com\/Sunupost-101026658237468\/\" \/>\n<meta property=\"article:published_time\" content=\"2021-06-24T21:34:06+00:00\" \/>\n<meta property=\"og:image\" content=\"https:\/\/secureservercdn.net\/198.71.233.69\/17w.044.myftpupload.com\/wp-content\/uploads\/2021\/06\/assemble.jpg?time=1663159752\" \/>\n\t<meta property=\"og:image:width\" content=\"612\" \/>\n\t<meta property=\"og:image:height\" content=\"298\" \/>\n\t<meta property=\"og:image:type\" content=\"image\/jpeg\" \/>\n<meta name=\"author\" content=\"Binta Ciss\u00e9\" \/>\n<meta name=\"twitter:card\" content=\"summary_large_image\" \/>\n<meta name=\"twitter:creator\" content=\"@sunupost\" \/>\n<meta name=\"twitter:site\" content=\"@sunupost\" \/>\n<meta name=\"twitter:label1\" content=\"\u00c9crit par\" \/>\n\t<meta name=\"twitter:data1\" content=\"Binta Ciss\u00e9\" \/>\n\t<meta name=\"twitter:label2\" content=\"Dur\u00e9e de lecture estim\u00e9e\" \/>\n\t<meta name=\"twitter:data2\" content=\"4 minutes\" \/>\n<script type=\"application\/ld+json\" class=\"yoast-schema-graph\">{\"@context\":\"https:\\\/\\\/schema.org\",\"@graph\":[{\"@type\":\"Article\",\"@id\":\"https:\\\/\\\/sunupost.com\\\/?p=7943#article\",\"isPartOf\":{\"@id\":\"https:\\\/\\\/sunupost.com\\\/?p=7943\"},\"author\":{\"name\":\"Binta Ciss\u00e9\",\"@id\":\"https:\\\/\\\/sunupost.com\\\/#\\\/schema\\\/person\\\/4180ce1fd5a5254dcccf3b93847e92fb\"},\"headline\":\"Projets de loi : Voici les faits que Macky Sall veut qualifier d\u00e9sormais d\u2019actes terroristes\",\"datePublished\":\"2021-06-24T21:34:06+00:00\",\"mainEntityOfPage\":{\"@id\":\"https:\\\/\\\/sunupost.com\\\/?p=7943\"},\"wordCount\":740,\"commentCount\":208,\"publisher\":{\"@id\":\"https:\\\/\\\/sunupost.com\\\/#organization\"},\"image\":{\"@id\":\"https:\\\/\\\/sunupost.com\\\/?p=7943#primaryimage\"},\"thumbnailUrl\":\"https:\\\/\\\/sunupost.com\\\/wp-content\\\/uploads\\\/2021\\\/06\\\/assemble.jpg\",\"articleSection\":[\"A LA UNE\"],\"inLanguage\":\"fr-FR\",\"potentialAction\":[{\"@type\":\"CommentAction\",\"name\":\"Comment\",\"target\":[\"https:\\\/\\\/sunupost.com\\\/?p=7943#respond\"]}]},{\"@type\":\"WebPage\",\"@id\":\"https:\\\/\\\/sunupost.com\\\/?p=7943\",\"url\":\"https:\\\/\\\/sunupost.com\\\/?p=7943\",\"name\":\"Projets de loi : Voici les faits que Macky Sall veut qualifier d\u00e9sormais d\u2019actes terroristes - SUNUPOST\",\"isPartOf\":{\"@id\":\"https:\\\/\\\/sunupost.com\\\/#website\"},\"primaryImageOfPage\":{\"@id\":\"https:\\\/\\\/sunupost.com\\\/?p=7943#primaryimage\"},\"image\":{\"@id\":\"https:\\\/\\\/sunupost.com\\\/?p=7943#primaryimage\"},\"thumbnailUrl\":\"https:\\\/\\\/sunupost.com\\\/wp-content\\\/uploads\\\/2021\\\/06\\\/assemble.jpg\",\"datePublished\":\"2021-06-24T21:34:06+00:00\",\"breadcrumb\":{\"@id\":\"https:\\\/\\\/sunupost.com\\\/?p=7943#breadcrumb\"},\"inLanguage\":\"fr-FR\",\"potentialAction\":[{\"@type\":\"ReadAction\",\"target\":[\"https:\\\/\\\/sunupost.com\\\/?p=7943\"]}]},{\"@type\":\"ImageObject\",\"inLanguage\":\"fr-FR\",\"@id\":\"https:\\\/\\\/sunupost.com\\\/?p=7943#primaryimage\",\"url\":\"https:\\\/\\\/sunupost.com\\\/wp-content\\\/uploads\\\/2021\\\/06\\\/assemble.jpg\",\"contentUrl\":\"https:\\\/\\\/sunupost.com\\\/wp-content\\\/uploads\\\/2021\\\/06\\\/assemble.jpg\",\"width\":612,\"height\":298},{\"@type\":\"BreadcrumbList\",\"@id\":\"https:\\\/\\\/sunupost.com\\\/?p=7943#breadcrumb\",\"itemListElement\":[{\"@type\":\"ListItem\",\"position\":1,\"name\":\"Home\",\"item\":\"https:\\\/\\\/sunupost.com\\\/\"},{\"@type\":\"ListItem\",\"position\":2,\"name\":\"Projets de loi : Voici les faits que Macky Sall veut qualifier d\u00e9sormais d\u2019actes terroristes\"}]},{\"@type\":\"WebSite\",\"@id\":\"https:\\\/\\\/sunupost.com\\\/#website\",\"url\":\"https:\\\/\\\/sunupost.com\\\/\",\"name\":\"SUNUPOST\",\"description\":\"Pens\u00e9e libre\",\"publisher\":{\"@id\":\"https:\\\/\\\/sunupost.com\\\/#organization\"},\"potentialAction\":[{\"@type\":\"SearchAction\",\"target\":{\"@type\":\"EntryPoint\",\"urlTemplate\":\"https:\\\/\\\/sunupost.com\\\/?s={search_term_string}\"},\"query-input\":{\"@type\":\"PropertyValueSpecification\",\"valueRequired\":true,\"valueName\":\"search_term_string\"}}],\"inLanguage\":\"fr-FR\"},{\"@type\":\"Organization\",\"@id\":\"https:\\\/\\\/sunupost.com\\\/#organization\",\"name\":\"SUNUPOST\",\"url\":\"https:\\\/\\\/sunupost.com\\\/\",\"logo\":{\"@type\":\"ImageObject\",\"inLanguage\":\"fr-FR\",\"@id\":\"https:\\\/\\\/sunupost.com\\\/#\\\/schema\\\/logo\\\/image\\\/\",\"url\":\"https:\\\/\\\/secureservercdn.net\\\/198.71.233.206\\\/17w.044.myftpupload.com\\\/wp-content\\\/uploads\\\/2020\\\/05\\\/Lancement.jpg?time=1639052812\",\"contentUrl\":\"https:\\\/\\\/secureservercdn.net\\\/198.71.233.206\\\/17w.044.myftpupload.com\\\/wp-content\\\/uploads\\\/2020\\\/05\\\/Lancement.jpg?time=1639052812\",\"width\":300,\"height\":100,\"caption\":\"SUNUPOST\"},\"image\":{\"@id\":\"https:\\\/\\\/sunupost.com\\\/#\\\/schema\\\/logo\\\/image\\\/\"},\"sameAs\":[\"https:\\\/\\\/web.facebook.com\\\/Sunupost-101026658237468\\\/\",\"https:\\\/\\\/x.com\\\/sunupost\",\"https:\\\/\\\/www.instagram.com\\\/sunupost\\\/\",\"https:\\\/\\\/www.youtube.com\\\/channel\\\/UCd7V7bCkLDOee8yr7CW4Dpw\"]},{\"@type\":\"Person\",\"@id\":\"https:\\\/\\\/sunupost.com\\\/#\\\/schema\\\/person\\\/4180ce1fd5a5254dcccf3b93847e92fb\",\"name\":\"Binta Ciss\u00e9\",\"image\":{\"@type\":\"ImageObject\",\"inLanguage\":\"fr-FR\",\"@id\":\"https:\\\/\\\/secure.gravatar.com\\\/avatar\\\/d7ec4285e9eacdc893e9d8cea0ea6a1ff0a32ecab53f42d0bbe410001c3be0be?s=96&d=mm&r=g\",\"url\":\"https:\\\/\\\/secure.gravatar.com\\\/avatar\\\/d7ec4285e9eacdc893e9d8cea0ea6a1ff0a32ecab53f42d0bbe410001c3be0be?s=96&d=mm&r=g\",\"contentUrl\":\"https:\\\/\\\/secure.gravatar.com\\\/avatar\\\/d7ec4285e9eacdc893e9d8cea0ea6a1ff0a32ecab53f42d0bbe410001c3be0be?s=96&d=mm&r=g\",\"caption\":\"Binta Ciss\u00e9\"},\"url\":\"https:\\\/\\\/sunupost.com\\\/?author=19\"}]}<\/script>\n<!-- \/ Yoast SEO plugin. -->","yoast_head_json":{"title":"Projets de loi : Voici les faits que Macky Sall veut qualifier d\u00e9sormais d\u2019actes terroristes - SUNUPOST","robots":{"index":"index","follow":"follow","max-snippet":"max-snippet:-1","max-image-preview":"max-image-preview:large","max-video-preview":"max-video-preview:-1"},"canonical":"https:\/\/sunupost.com\/?p=7943","og_locale":"fr_FR","og_type":"article","og_title":"Projets de loi : Voici les faits que Macky Sall veut qualifier d\u00e9sormais d\u2019actes terroristes - SUNUPOST","og_description":"Le projet de loi n\u00b010\/2021 modifiant la loi n\u00b065-60 du 21 juillet 1965 portant Code p\u00e9nal et celui du n\u00b011\/2021 modifiant la loi n\u00b065-61 du...","og_url":"https:\/\/sunupost.com\/?p=7943","og_site_name":"SUNUPOST","article_publisher":"https:\/\/web.facebook.com\/Sunupost-101026658237468\/","article_published_time":"2021-06-24T21:34:06+00:00","og_image":[{"width":612,"height":298,"url":"https:\/\/secureservercdn.net\/198.71.233.69\/17w.044.myftpupload.com\/wp-content\/uploads\/2021\/06\/assemble.jpg?time=1663159752","type":"image\/jpeg"}],"author":"Binta Ciss\u00e9","twitter_card":"summary_large_image","twitter_creator":"@sunupost","twitter_site":"@sunupost","twitter_misc":{"\u00c9crit par":"Binta Ciss\u00e9","Dur\u00e9e de lecture estim\u00e9e":"4 minutes"},"schema":{"@context":"https:\/\/schema.org","@graph":[{"@type":"Article","@id":"https:\/\/sunupost.com\/?p=7943#article","isPartOf":{"@id":"https:\/\/sunupost.com\/?p=7943"},"author":{"name":"Binta Ciss\u00e9","@id":"https:\/\/sunupost.com\/#\/schema\/person\/4180ce1fd5a5254dcccf3b93847e92fb"},"headline":"Projets de loi : Voici les faits que Macky Sall veut qualifier d\u00e9sormais d\u2019actes terroristes","datePublished":"2021-06-24T21:34:06+00:00","mainEntityOfPage":{"@id":"https:\/\/sunupost.com\/?p=7943"},"wordCount":740,"commentCount":208,"publisher":{"@id":"https:\/\/sunupost.com\/#organization"},"image":{"@id":"https:\/\/sunupost.com\/?p=7943#primaryimage"},"thumbnailUrl":"https:\/\/sunupost.com\/wp-content\/uploads\/2021\/06\/assemble.jpg","articleSection":["A LA UNE"],"inLanguage":"fr-FR","potentialAction":[{"@type":"CommentAction","name":"Comment","target":["https:\/\/sunupost.com\/?p=7943#respond"]}]},{"@type":"WebPage","@id":"https:\/\/sunupost.com\/?p=7943","url":"https:\/\/sunupost.com\/?p=7943","name":"Projets de loi : Voici les faits que Macky Sall veut qualifier d\u00e9sormais d\u2019actes terroristes - SUNUPOST","isPartOf":{"@id":"https:\/\/sunupost.com\/#website"},"primaryImageOfPage":{"@id":"https:\/\/sunupost.com\/?p=7943#primaryimage"},"image":{"@id":"https:\/\/sunupost.com\/?p=7943#primaryimage"},"thumbnailUrl":"https:\/\/sunupost.com\/wp-content\/uploads\/2021\/06\/assemble.jpg","datePublished":"2021-06-24T21:34:06+00:00","breadcrumb":{"@id":"https:\/\/sunupost.com\/?p=7943#breadcrumb"},"inLanguage":"fr-FR","potentialAction":[{"@type":"ReadAction","target":["https:\/\/sunupost.com\/?p=7943"]}]},{"@type":"ImageObject","inLanguage":"fr-FR","@id":"https:\/\/sunupost.com\/?p=7943#primaryimage","url":"https:\/\/sunupost.com\/wp-content\/uploads\/2021\/06\/assemble.jpg","contentUrl":"https:\/\/sunupost.com\/wp-content\/uploads\/2021\/06\/assemble.jpg","width":612,"height":298},{"@type":"BreadcrumbList","@id":"https:\/\/sunupost.com\/?p=7943#breadcrumb","itemListElement":[{"@type":"ListItem","position":1,"name":"Home","item":"https:\/\/sunupost.com\/"},{"@type":"ListItem","position":2,"name":"Projets de loi : Voici les faits que Macky Sall veut qualifier d\u00e9sormais d\u2019actes terroristes"}]},{"@type":"WebSite","@id":"https:\/\/sunupost.com\/#website","url":"https:\/\/sunupost.com\/","name":"SUNUPOST","description":"Pens\u00e9e libre","publisher":{"@id":"https:\/\/sunupost.com\/#organization"},"potentialAction":[{"@type":"SearchAction","target":{"@type":"EntryPoint","urlTemplate":"https:\/\/sunupost.com\/?s={search_term_string}"},"query-input":{"@type":"PropertyValueSpecification","valueRequired":true,"valueName":"search_term_string"}}],"inLanguage":"fr-FR"},{"@type":"Organization","@id":"https:\/\/sunupost.com\/#organization","name":"SUNUPOST","url":"https:\/\/sunupost.com\/","logo":{"@type":"ImageObject","inLanguage":"fr-FR","@id":"https:\/\/sunupost.com\/#\/schema\/logo\/image\/","url":"https:\/\/secureservercdn.net\/198.71.233.206\/17w.044.myftpupload.com\/wp-content\/uploads\/2020\/05\/Lancement.jpg?time=1639052812","contentUrl":"https:\/\/secureservercdn.net\/198.71.233.206\/17w.044.myftpupload.com\/wp-content\/uploads\/2020\/05\/Lancement.jpg?time=1639052812","width":300,"height":100,"caption":"SUNUPOST"},"image":{"@id":"https:\/\/sunupost.com\/#\/schema\/logo\/image\/"},"sameAs":["https:\/\/web.facebook.com\/Sunupost-101026658237468\/","https:\/\/x.com\/sunupost","https:\/\/www.instagram.com\/sunupost\/","https:\/\/www.youtube.com\/channel\/UCd7V7bCkLDOee8yr7CW4Dpw"]},{"@type":"Person","@id":"https:\/\/sunupost.com\/#\/schema\/person\/4180ce1fd5a5254dcccf3b93847e92fb","name":"Binta Ciss\u00e9","image":{"@type":"ImageObject","inLanguage":"fr-FR","@id":"https:\/\/secure.gravatar.com\/avatar\/d7ec4285e9eacdc893e9d8cea0ea6a1ff0a32ecab53f42d0bbe410001c3be0be?s=96&d=mm&r=g","url":"https:\/\/secure.gravatar.com\/avatar\/d7ec4285e9eacdc893e9d8cea0ea6a1ff0a32ecab53f42d0bbe410001c3be0be?s=96&d=mm&r=g","contentUrl":"https:\/\/secure.gravatar.com\/avatar\/d7ec4285e9eacdc893e9d8cea0ea6a1ff0a32ecab53f42d0bbe410001c3be0be?s=96&d=mm&r=g","caption":"Binta Ciss\u00e9"},"url":"https:\/\/sunupost.com\/?author=19"}]}},"_links":{"self":[{"href":"https:\/\/sunupost.com\/index.php?rest_route=\/wp\/v2\/posts\/7943","targetHints":{"allow":["GET"]}}],"collection":[{"href":"https:\/\/sunupost.com\/index.php?rest_route=\/wp\/v2\/posts"}],"about":[{"href":"https:\/\/sunupost.com\/index.php?rest_route=\/wp\/v2\/types\/post"}],"author":[{"embeddable":true,"href":"https:\/\/sunupost.com\/index.php?rest_route=\/wp\/v2\/users\/19"}],"replies":[{"embeddable":true,"href":"https:\/\/sunupost.com\/index.php?rest_route=%2Fwp%2Fv2%2Fcomments&post=7943"}],"version-history":[{"count":0,"href":"https:\/\/sunupost.com\/index.php?rest_route=\/wp\/v2\/posts\/7943\/revisions"}],"wp:featuredmedia":[{"embeddable":true,"href":"https:\/\/sunupost.com\/index.php?rest_route=\/wp\/v2\/media\/7944"}],"wp:attachment":[{"href":"https:\/\/sunupost.com\/index.php?rest_route=%2Fwp%2Fv2%2Fmedia&parent=7943"}],"wp:term":[{"taxonomy":"category","embeddable":true,"href":"https:\/\/sunupost.com\/index.php?rest_route=%2Fwp%2Fv2%2Fcategories&post=7943"},{"taxonomy":"post_tag","embeddable":true,"href":"https:\/\/sunupost.com\/index.php?rest_route=%2Fwp%2Fv2%2Ftags&post=7943"}],"curies":[{"name":"wp","href":"https:\/\/api.w.org\/{rel}","templated":true}]}}