{"id":8068,"date":"2021-07-01T20:33:22","date_gmt":"2021-07-01T20:33:22","guid":{"rendered":"https:\/\/sunupost.com\/?p=8068"},"modified":"2021-07-01T20:33:22","modified_gmt":"2021-07-01T20:33:22","slug":"le-general-de-division-moussa-fall-decline-ses-ambitions-pour-la-gendarmerie-nationale","status":"publish","type":"post","link":"https:\/\/sunupost.com\/?p=8068","title":{"rendered":"Le G\u00e9n\u00e9ral De Division Moussa Fall D\u00e9cline Ses Ambitions Pour La Gendarmerie Nationale"},"content":{"rendered":"<p>Le nouveau Haut commandant de la Gendarmerie nationale et directeur de la Justice militaire, le g\u00e9n\u00e9ral de division Moussa Fall, a pr\u00e9cis\u00e9 jeudi que son \u2018\u2019 ambition est de b\u00e2tir une Gendarmerie professionnelle, ancr\u00e9e dans les valeurs au c\u0153ur des institutions r\u00e9publicaines\u2019\u2019.<\/p>\n<p>\u2018\u2019Face \u00e0 un contexte strat\u00e9gique caract\u00e9ris\u00e9 par l\u2019impr\u00e9visibilit\u00e9 et le recours syst\u00e9matique \u00e0 une violence aveugle qui nourrissent l\u2019inqui\u00e9tude et la peur chez nos concitoyens, mon ambition est de b\u00e2tir une Gendarmerie professionnelle, ancr\u00e9e dans les valeurs au c\u0153ur des institutions r\u00e9publicaines avec un personnel fier et motiv\u00e9, dont les capacit\u00e9s morales sont \u00e0 la hauteur des d\u00e9fis qui les attendent\u2019\u2019, a-t-il dit.<\/p>\n<p>Nomm\u00e9 le 17 juin, le g\u00e9n\u00e9ral Fall a \u00e9t\u00e9 install\u00e9, ce jeudi, dans ses fonctions de Haut commandant de la Gendarmerie nationale et directeur de la Justice militaire par le ministre des Forces arm\u00e9es, Sidiki Kaba.<\/p>\n<p>Selon l\u2019ancien num\u00e9ro 2 de la Gendarmerie nationale, cette ambition \u2018\u2019doit se b\u00e2tir autour d\u2019une vision claire et inclusive dont la mat\u00e9rialisation exige des actions men\u00e9es avec c\u00e9l\u00e9rit\u00e9, organisation, m\u00e9thode et comp\u00e9tence\u2019\u2019.<\/p>\n<p>\u2018\u2019Ma conviction profonde est que seule la conjugaison de nos efforts nous permettra d\u2019obtenir la synergie n\u00e9cessaire pour atteindre l\u2019efficacit\u00e9. Il m\u2019incombe la responsabilit\u00e9 de tracer un nouveau cap et de dessiner une feuille de route claire, coh\u00e9rente et pragmatique prenant en compte les priorit\u00e9s pour les ann\u00e9es \u00e0 venir\u2019\u2019, a-t-il dit devant plusieurs personnalit\u00e9s civiles et militaires.<\/p>\n<p>Le g\u00e9n\u00e9ral Moussa Fall a r\u00e9affirm\u00e9 le positionnement et le r\u00f4le de la Gendarmerie au sein de la R\u00e9publique.<\/p>\n<p>Il a annonc\u00e9 la \u2018\u2019d\u00e9concentration\u2019\u2019 du commandement op\u00e9rationnel au profit des deux principales subdivisions d\u2019armes et des l\u00e9gions de gendarmerie territoriale, avec comme effet final recherch\u00e9 le \u2018\u2019renforcement de la confiance et le recul des violences ainsi que des incivilit\u00e9s, dans notre zone de responsabilit\u00e9\u2019\u2019.<\/p>\n<p>\u2018\u2019Aussi, tous les \u00e9chelons op\u00e9rationnels devront-ils s\u2019attaquer r\u00e9solument aux violences urbaines et rurales, au vol de b\u00e9tail, \u00e0 la coupe illicite de bois, \u00e0 l\u2019extr\u00e9misme violent, \u00e0 la criminalit\u00e9 transfrontali\u00e8re organis\u00e9e, \u00e0 la cybercriminalit\u00e9, au trafic de drogue et d\u2019armes, \u00e0 l\u2019ins\u00e9curit\u00e9 routi\u00e8re, mais aussi et surtout, concourir \u00e0 faire de notre pays un sanctuaire \u00e0 l\u2019abri de la menace terroriste\u2019\u2019, a fait savoir le g\u00e9n\u00e9ral Fall.<\/p>\n<p>Selon lui, la strat\u00e9gie d\u2019action, pour r\u00e9pondre aux attentes des populations et des autorit\u00e9s, va s\u2019appuyer sur \u2018\u2019la pr\u00e9vention, l\u2019anticipation, la d\u00e9tection et l\u2019intervention\u2019\u2019.<\/p>\n<p>Il a annonc\u00e9 sa d\u00e9cision de renforcer les cha\u00eenes de commandement en leur donnant les moyens humains et mat\u00e9riels, pour leur permettre d\u2019exercer pleinement leurs fonctions.<\/p>\n<p>\u2018\u2019Ces am\u00e9nagements s\u2019accompagneront de la mont\u00e9e en puissance du Centre de renseignement et des Op\u00e9rations de la Gendarmerie nationale (CROGEND) et du Centre d\u2019anticipation et de pr\u00e9vention (CAP), par le rel\u00e8vement qualitatif et quantitatif de leurs ressources humaines, de leurs infrastructures et de leurs moyens techniques et mat\u00e9riels. La pr\u00e9paration op\u00e9rationnelle sera pour moi un point d\u2019attention majeur afin de privil\u00e9gier la sp\u00e9cialisation(\u2026)\u2019\u2019, a poursuivi l\u2019ancien gouverneur militaire du Palais de la R\u00e9publique.<\/p>\n<p>Il a en outre invit\u00e9 les commandants de subdivisons d\u2019arme \u00e0 faire de la formation, de l\u2019entra\u00eenement et de la gestion des ressources humaines, plac\u00e9es sous leurs ordres, leur priorit\u00e9.<\/p>\n<p>D\u00e9crit comme un \u2018\u2019homme rigoureux\u2019\u2019, le g\u00e9n\u00e9ral Fall a une riche carri\u00e8re de 33 ans au sein de la Gendarmerie. Il a dirig\u00e9 plusieurs compagnies dont celles de Ziguinchor, Thi\u00e8s, Dakar et la L\u00e9gion Ouest. Le g\u00e9n\u00e9ral Moussa Fall a aussi \u00e9t\u00e9 \u00e0 la t\u00eate de la Section de recherches de la Gendarmerie nationale.<\/p>\n<p>Il a par ailleurs dirig\u00e9 la Gendarmerie territoriale, avant de devenir le commandant en second de cette institution.<\/p>\n","protected":false},"excerpt":{"rendered":"<p>Le nouveau Haut commandant de la Gendarmerie nationale et directeur de la Justice militaire, le g\u00e9n\u00e9ral de division Moussa Fall, a pr\u00e9cis\u00e9 jeudi que son&#8230;<\/p>\n","protected":false},"author":10,"featured_media":8069,"comment_status":"open","ping_status":"open","sticky":false,"template":"","format":"standard","meta":{"_coblocks_attr":"","_coblocks_dimensions":"","_coblocks_responsive_height":"","_coblocks_accordion_ie_support":"","_monsterinsights_skip_tracking":false,"_monsterinsights_sitenote_active":false,"_monsterinsights_sitenote_note":"","_monsterinsights_sitenote_category":0,"h5ap_radio_sources":[],"footnotes":""},"categories":[18],"tags":[],"class_list":["post-8068","post","type-post","status-publish","format-standard","has-post-thumbnail","hentry","category-justice","wpcat-18-id"],"yoast_head":"<!-- This site is optimized with the Yoast SEO plugin v27.4 - https:\/\/yoast.com\/product\/yoast-seo-wordpress\/ -->\n<title>Le G\u00e9n\u00e9ral De Division Moussa Fall D\u00e9cline Ses Ambitions Pour La Gendarmerie Nationale - SUNUPOST<\/title>\n<meta name=\"robots\" content=\"index, follow, max-snippet:-1, max-image-preview:large, max-video-preview:-1\" \/>\n<link rel=\"canonical\" href=\"https:\/\/sunupost.com\/?p=8068\" \/>\n<meta property=\"og:locale\" content=\"fr_FR\" \/>\n<meta property=\"og:type\" content=\"article\" \/>\n<meta property=\"og:title\" content=\"Le G\u00e9n\u00e9ral De Division Moussa Fall D\u00e9cline Ses Ambitions Pour La Gendarmerie Nationale - SUNUPOST\" \/>\n<meta property=\"og:description\" content=\"Le nouveau Haut commandant de la Gendarmerie nationale et directeur de la Justice militaire, le g\u00e9n\u00e9ral de division Moussa Fall, a pr\u00e9cis\u00e9 jeudi que son...\" \/>\n<meta property=\"og:url\" content=\"https:\/\/sunupost.com\/?p=8068\" \/>\n<meta property=\"og:site_name\" content=\"SUNUPOST\" \/>\n<meta property=\"article:publisher\" content=\"https:\/\/web.facebook.com\/Sunupost-101026658237468\/\" \/>\n<meta property=\"article:published_time\" content=\"2021-07-01T20:33:22+00:00\" \/>\n<meta property=\"og:image\" content=\"https:\/\/secureservercdn.net\/198.71.233.69\/17w.044.myftpupload.com\/wp-content\/uploads\/2021\/07\/IMG_01072021_202729_631_x_340_pixel.jpg?time=1663110025\" \/>\n\t<meta property=\"og:image:width\" content=\"631\" \/>\n\t<meta property=\"og:image:height\" content=\"340\" \/>\n\t<meta property=\"og:image:type\" content=\"image\/jpeg\" \/>\n<meta name=\"author\" content=\"La R\u00e9daction\" \/>\n<meta name=\"twitter:card\" content=\"summary_large_image\" \/>\n<meta name=\"twitter:creator\" content=\"@sunupost\" \/>\n<meta name=\"twitter:site\" content=\"@sunupost\" \/>\n<meta name=\"twitter:label1\" content=\"\u00c9crit par\" \/>\n\t<meta name=\"twitter:data1\" content=\"La R\u00e9daction\" \/>\n\t<meta name=\"twitter:label2\" content=\"Dur\u00e9e de lecture estim\u00e9e\" \/>\n\t<meta name=\"twitter:data2\" content=\"3 minutes\" \/>\n<script type=\"application\/ld+json\" class=\"yoast-schema-graph\">{\"@context\":\"https:\\\/\\\/schema.org\",\"@graph\":[{\"@type\":\"Article\",\"@id\":\"https:\\\/\\\/sunupost.com\\\/?p=8068#article\",\"isPartOf\":{\"@id\":\"https:\\\/\\\/sunupost.com\\\/?p=8068\"},\"author\":{\"name\":\"La R\u00e9daction\",\"@id\":\"https:\\\/\\\/sunupost.com\\\/#\\\/schema\\\/person\\\/9c04c80a48c29cd2be004cf57947ebb0\"},\"headline\":\"Le G\u00e9n\u00e9ral De Division Moussa Fall D\u00e9cline Ses Ambitions Pour La Gendarmerie Nationale\",\"datePublished\":\"2021-07-01T20:33:22+00:00\",\"mainEntityOfPage\":{\"@id\":\"https:\\\/\\\/sunupost.com\\\/?p=8068\"},\"wordCount\":693,\"commentCount\":232,\"publisher\":{\"@id\":\"https:\\\/\\\/sunupost.com\\\/#organization\"},\"image\":{\"@id\":\"https:\\\/\\\/sunupost.com\\\/?p=8068#primaryimage\"},\"thumbnailUrl\":\"https:\\\/\\\/sunupost.com\\\/wp-content\\\/uploads\\\/2021\\\/07\\\/IMG_01072021_202729_631_x_340_pixel.jpg\",\"articleSection\":[\"JUSTICE\"],\"inLanguage\":\"fr-FR\",\"potentialAction\":[{\"@type\":\"CommentAction\",\"name\":\"Comment\",\"target\":[\"https:\\\/\\\/sunupost.com\\\/?p=8068#respond\"]}]},{\"@type\":\"WebPage\",\"@id\":\"https:\\\/\\\/sunupost.com\\\/?p=8068\",\"url\":\"https:\\\/\\\/sunupost.com\\\/?p=8068\",\"name\":\"Le G\u00e9n\u00e9ral De Division Moussa Fall D\u00e9cline Ses Ambitions Pour La Gendarmerie Nationale - SUNUPOST\",\"isPartOf\":{\"@id\":\"https:\\\/\\\/sunupost.com\\\/#website\"},\"primaryImageOfPage\":{\"@id\":\"https:\\\/\\\/sunupost.com\\\/?p=8068#primaryimage\"},\"image\":{\"@id\":\"https:\\\/\\\/sunupost.com\\\/?p=8068#primaryimage\"},\"thumbnailUrl\":\"https:\\\/\\\/sunupost.com\\\/wp-content\\\/uploads\\\/2021\\\/07\\\/IMG_01072021_202729_631_x_340_pixel.jpg\",\"datePublished\":\"2021-07-01T20:33:22+00:00\",\"breadcrumb\":{\"@id\":\"https:\\\/\\\/sunupost.com\\\/?p=8068#breadcrumb\"},\"inLanguage\":\"fr-FR\",\"potentialAction\":[{\"@type\":\"ReadAction\",\"target\":[\"https:\\\/\\\/sunupost.com\\\/?p=8068\"]}]},{\"@type\":\"ImageObject\",\"inLanguage\":\"fr-FR\",\"@id\":\"https:\\\/\\\/sunupost.com\\\/?p=8068#primaryimage\",\"url\":\"https:\\\/\\\/sunupost.com\\\/wp-content\\\/uploads\\\/2021\\\/07\\\/IMG_01072021_202729_631_x_340_pixel.jpg\",\"contentUrl\":\"https:\\\/\\\/sunupost.com\\\/wp-content\\\/uploads\\\/2021\\\/07\\\/IMG_01072021_202729_631_x_340_pixel.jpg\",\"width\":631,\"height\":340},{\"@type\":\"BreadcrumbList\",\"@id\":\"https:\\\/\\\/sunupost.com\\\/?p=8068#breadcrumb\",\"itemListElement\":[{\"@type\":\"ListItem\",\"position\":1,\"name\":\"Home\",\"item\":\"https:\\\/\\\/sunupost.com\\\/\"},{\"@type\":\"ListItem\",\"position\":2,\"name\":\"Le G\u00e9n\u00e9ral De Division Moussa Fall D\u00e9cline Ses Ambitions Pour La Gendarmerie Nationale\"}]},{\"@type\":\"WebSite\",\"@id\":\"https:\\\/\\\/sunupost.com\\\/#website\",\"url\":\"https:\\\/\\\/sunupost.com\\\/\",\"name\":\"SUNUPOST\",\"description\":\"Pens\u00e9e libre\",\"publisher\":{\"@id\":\"https:\\\/\\\/sunupost.com\\\/#organization\"},\"potentialAction\":[{\"@type\":\"SearchAction\",\"target\":{\"@type\":\"EntryPoint\",\"urlTemplate\":\"https:\\\/\\\/sunupost.com\\\/?s={search_term_string}\"},\"query-input\":{\"@type\":\"PropertyValueSpecification\",\"valueRequired\":true,\"valueName\":\"search_term_string\"}}],\"inLanguage\":\"fr-FR\"},{\"@type\":\"Organization\",\"@id\":\"https:\\\/\\\/sunupost.com\\\/#organization\",\"name\":\"SUNUPOST\",\"url\":\"https:\\\/\\\/sunupost.com\\\/\",\"logo\":{\"@type\":\"ImageObject\",\"inLanguage\":\"fr-FR\",\"@id\":\"https:\\\/\\\/sunupost.com\\\/#\\\/schema\\\/logo\\\/image\\\/\",\"url\":\"https:\\\/\\\/secureservercdn.net\\\/198.71.233.206\\\/17w.044.myftpupload.com\\\/wp-content\\\/uploads\\\/2020\\\/05\\\/Lancement.jpg?time=1639052812\",\"contentUrl\":\"https:\\\/\\\/secureservercdn.net\\\/198.71.233.206\\\/17w.044.myftpupload.com\\\/wp-content\\\/uploads\\\/2020\\\/05\\\/Lancement.jpg?time=1639052812\",\"width\":300,\"height\":100,\"caption\":\"SUNUPOST\"},\"image\":{\"@id\":\"https:\\\/\\\/sunupost.com\\\/#\\\/schema\\\/logo\\\/image\\\/\"},\"sameAs\":[\"https:\\\/\\\/web.facebook.com\\\/Sunupost-101026658237468\\\/\",\"https:\\\/\\\/x.com\\\/sunupost\",\"https:\\\/\\\/www.instagram.com\\\/sunupost\\\/\",\"https:\\\/\\\/www.youtube.com\\\/channel\\\/UCd7V7bCkLDOee8yr7CW4Dpw\"]},{\"@type\":\"Person\",\"@id\":\"https:\\\/\\\/sunupost.com\\\/#\\\/schema\\\/person\\\/9c04c80a48c29cd2be004cf57947ebb0\",\"name\":\"La R\u00e9daction\",\"image\":{\"@type\":\"ImageObject\",\"inLanguage\":\"fr-FR\",\"@id\":\"https:\\\/\\\/secure.gravatar.com\\\/avatar\\\/1dc7c1ffd136391c1a6d8806c3431e1a2dd9445015e3f66472e3c63e9c80807e?s=96&d=mm&r=g\",\"url\":\"https:\\\/\\\/secure.gravatar.com\\\/avatar\\\/1dc7c1ffd136391c1a6d8806c3431e1a2dd9445015e3f66472e3c63e9c80807e?s=96&d=mm&r=g\",\"contentUrl\":\"https:\\\/\\\/secure.gravatar.com\\\/avatar\\\/1dc7c1ffd136391c1a6d8806c3431e1a2dd9445015e3f66472e3c63e9c80807e?s=96&d=mm&r=g\",\"caption\":\"La R\u00e9daction\"},\"url\":\"https:\\\/\\\/sunupost.com\\\/?author=10\"}]}<\/script>\n<!-- \/ Yoast SEO plugin. -->","yoast_head_json":{"title":"Le G\u00e9n\u00e9ral De Division Moussa Fall D\u00e9cline Ses Ambitions Pour La Gendarmerie Nationale - SUNUPOST","robots":{"index":"index","follow":"follow","max-snippet":"max-snippet:-1","max-image-preview":"max-image-preview:large","max-video-preview":"max-video-preview:-1"},"canonical":"https:\/\/sunupost.com\/?p=8068","og_locale":"fr_FR","og_type":"article","og_title":"Le G\u00e9n\u00e9ral De Division Moussa Fall D\u00e9cline Ses Ambitions Pour La Gendarmerie Nationale - SUNUPOST","og_description":"Le nouveau Haut commandant de la Gendarmerie nationale et directeur de la Justice militaire, le g\u00e9n\u00e9ral de division Moussa Fall, a pr\u00e9cis\u00e9 jeudi que son...","og_url":"https:\/\/sunupost.com\/?p=8068","og_site_name":"SUNUPOST","article_publisher":"https:\/\/web.facebook.com\/Sunupost-101026658237468\/","article_published_time":"2021-07-01T20:33:22+00:00","og_image":[{"width":631,"height":340,"url":"https:\/\/secureservercdn.net\/198.71.233.69\/17w.044.myftpupload.com\/wp-content\/uploads\/2021\/07\/IMG_01072021_202729_631_x_340_pixel.jpg?time=1663110025","type":"image\/jpeg"}],"author":"La R\u00e9daction","twitter_card":"summary_large_image","twitter_creator":"@sunupost","twitter_site":"@sunupost","twitter_misc":{"\u00c9crit par":"La R\u00e9daction","Dur\u00e9e de lecture estim\u00e9e":"3 minutes"},"schema":{"@context":"https:\/\/schema.org","@graph":[{"@type":"Article","@id":"https:\/\/sunupost.com\/?p=8068#article","isPartOf":{"@id":"https:\/\/sunupost.com\/?p=8068"},"author":{"name":"La R\u00e9daction","@id":"https:\/\/sunupost.com\/#\/schema\/person\/9c04c80a48c29cd2be004cf57947ebb0"},"headline":"Le G\u00e9n\u00e9ral De Division Moussa Fall D\u00e9cline Ses Ambitions Pour La Gendarmerie Nationale","datePublished":"2021-07-01T20:33:22+00:00","mainEntityOfPage":{"@id":"https:\/\/sunupost.com\/?p=8068"},"wordCount":693,"commentCount":232,"publisher":{"@id":"https:\/\/sunupost.com\/#organization"},"image":{"@id":"https:\/\/sunupost.com\/?p=8068#primaryimage"},"thumbnailUrl":"https:\/\/sunupost.com\/wp-content\/uploads\/2021\/07\/IMG_01072021_202729_631_x_340_pixel.jpg","articleSection":["JUSTICE"],"inLanguage":"fr-FR","potentialAction":[{"@type":"CommentAction","name":"Comment","target":["https:\/\/sunupost.com\/?p=8068#respond"]}]},{"@type":"WebPage","@id":"https:\/\/sunupost.com\/?p=8068","url":"https:\/\/sunupost.com\/?p=8068","name":"Le G\u00e9n\u00e9ral De Division Moussa Fall D\u00e9cline Ses Ambitions Pour La Gendarmerie Nationale - SUNUPOST","isPartOf":{"@id":"https:\/\/sunupost.com\/#website"},"primaryImageOfPage":{"@id":"https:\/\/sunupost.com\/?p=8068#primaryimage"},"image":{"@id":"https:\/\/sunupost.com\/?p=8068#primaryimage"},"thumbnailUrl":"https:\/\/sunupost.com\/wp-content\/uploads\/2021\/07\/IMG_01072021_202729_631_x_340_pixel.jpg","datePublished":"2021-07-01T20:33:22+00:00","breadcrumb":{"@id":"https:\/\/sunupost.com\/?p=8068#breadcrumb"},"inLanguage":"fr-FR","potentialAction":[{"@type":"ReadAction","target":["https:\/\/sunupost.com\/?p=8068"]}]},{"@type":"ImageObject","inLanguage":"fr-FR","@id":"https:\/\/sunupost.com\/?p=8068#primaryimage","url":"https:\/\/sunupost.com\/wp-content\/uploads\/2021\/07\/IMG_01072021_202729_631_x_340_pixel.jpg","contentUrl":"https:\/\/sunupost.com\/wp-content\/uploads\/2021\/07\/IMG_01072021_202729_631_x_340_pixel.jpg","width":631,"height":340},{"@type":"BreadcrumbList","@id":"https:\/\/sunupost.com\/?p=8068#breadcrumb","itemListElement":[{"@type":"ListItem","position":1,"name":"Home","item":"https:\/\/sunupost.com\/"},{"@type":"ListItem","position":2,"name":"Le G\u00e9n\u00e9ral De Division Moussa Fall D\u00e9cline Ses Ambitions Pour La Gendarmerie Nationale"}]},{"@type":"WebSite","@id":"https:\/\/sunupost.com\/#website","url":"https:\/\/sunupost.com\/","name":"SUNUPOST","description":"Pens\u00e9e libre","publisher":{"@id":"https:\/\/sunupost.com\/#organization"},"potentialAction":[{"@type":"SearchAction","target":{"@type":"EntryPoint","urlTemplate":"https:\/\/sunupost.com\/?s={search_term_string}"},"query-input":{"@type":"PropertyValueSpecification","valueRequired":true,"valueName":"search_term_string"}}],"inLanguage":"fr-FR"},{"@type":"Organization","@id":"https:\/\/sunupost.com\/#organization","name":"SUNUPOST","url":"https:\/\/sunupost.com\/","logo":{"@type":"ImageObject","inLanguage":"fr-FR","@id":"https:\/\/sunupost.com\/#\/schema\/logo\/image\/","url":"https:\/\/secureservercdn.net\/198.71.233.206\/17w.044.myftpupload.com\/wp-content\/uploads\/2020\/05\/Lancement.jpg?time=1639052812","contentUrl":"https:\/\/secureservercdn.net\/198.71.233.206\/17w.044.myftpupload.com\/wp-content\/uploads\/2020\/05\/Lancement.jpg?time=1639052812","width":300,"height":100,"caption":"SUNUPOST"},"image":{"@id":"https:\/\/sunupost.com\/#\/schema\/logo\/image\/"},"sameAs":["https:\/\/web.facebook.com\/Sunupost-101026658237468\/","https:\/\/x.com\/sunupost","https:\/\/www.instagram.com\/sunupost\/","https:\/\/www.youtube.com\/channel\/UCd7V7bCkLDOee8yr7CW4Dpw"]},{"@type":"Person","@id":"https:\/\/sunupost.com\/#\/schema\/person\/9c04c80a48c29cd2be004cf57947ebb0","name":"La R\u00e9daction","image":{"@type":"ImageObject","inLanguage":"fr-FR","@id":"https:\/\/secure.gravatar.com\/avatar\/1dc7c1ffd136391c1a6d8806c3431e1a2dd9445015e3f66472e3c63e9c80807e?s=96&d=mm&r=g","url":"https:\/\/secure.gravatar.com\/avatar\/1dc7c1ffd136391c1a6d8806c3431e1a2dd9445015e3f66472e3c63e9c80807e?s=96&d=mm&r=g","contentUrl":"https:\/\/secure.gravatar.com\/avatar\/1dc7c1ffd136391c1a6d8806c3431e1a2dd9445015e3f66472e3c63e9c80807e?s=96&d=mm&r=g","caption":"La R\u00e9daction"},"url":"https:\/\/sunupost.com\/?author=10"}]}},"_links":{"self":[{"href":"https:\/\/sunupost.com\/index.php?rest_route=\/wp\/v2\/posts\/8068","targetHints":{"allow":["GET"]}}],"collection":[{"href":"https:\/\/sunupost.com\/index.php?rest_route=\/wp\/v2\/posts"}],"about":[{"href":"https:\/\/sunupost.com\/index.php?rest_route=\/wp\/v2\/types\/post"}],"author":[{"embeddable":true,"href":"https:\/\/sunupost.com\/index.php?rest_route=\/wp\/v2\/users\/10"}],"replies":[{"embeddable":true,"href":"https:\/\/sunupost.com\/index.php?rest_route=%2Fwp%2Fv2%2Fcomments&post=8068"}],"version-history":[{"count":0,"href":"https:\/\/sunupost.com\/index.php?rest_route=\/wp\/v2\/posts\/8068\/revisions"}],"wp:featuredmedia":[{"embeddable":true,"href":"https:\/\/sunupost.com\/index.php?rest_route=\/wp\/v2\/media\/8069"}],"wp:attachment":[{"href":"https:\/\/sunupost.com\/index.php?rest_route=%2Fwp%2Fv2%2Fmedia&parent=8068"}],"wp:term":[{"taxonomy":"category","embeddable":true,"href":"https:\/\/sunupost.com\/index.php?rest_route=%2Fwp%2Fv2%2Fcategories&post=8068"},{"taxonomy":"post_tag","embeddable":true,"href":"https:\/\/sunupost.com\/index.php?rest_route=%2Fwp%2Fv2%2Ftags&post=8068"}],"curies":[{"name":"wp","href":"https:\/\/api.w.org\/{rel}","templated":true}]}}