{"id":8074,"date":"2021-07-02T12:19:52","date_gmt":"2021-07-02T12:19:52","guid":{"rendered":"https:\/\/sunupost.com\/?p=8074"},"modified":"2021-07-02T12:19:52","modified_gmt":"2021-07-02T12:19:52","slug":"afghanistan-les-troupes-americaines-et-de-llotan-quittent-la-base-aerienne-de-bagram","status":"publish","type":"post","link":"https:\/\/sunupost.com\/?p=8074","title":{"rendered":"Afghanistan: Les Troupes Am\u00e9ricaines Et De Ll&rsquo;Otan Quittent La Base A\u00e9rienne De Bagram"},"content":{"rendered":"<p>L&rsquo;ensemble des troupes am\u00e9ricaines et de l&rsquo;OTAN ont quitt\u00e9 la base a\u00e9rienne de Bagram, a annonc\u00e9 vendredi 2 juillet un responsable de la D\u00e9fense am\u00e9ricaine, affirmant que le retrait de la totalit\u00e9 des forces \u00e9trang\u00e8res pr\u00e9sentes en Afghanistan est imminent. La base a \u00e9t\u00e9 officiellement restitu\u00e9e aux forces gouvernementale ce vendredi 2 juillet.<\/p>\n<p>\u00ab\u00a0Toutes les forces de la coalition ont quitt\u00e9 Bagram\u00a0\u00bb, a d\u00e9clar\u00e9 ce responsable, sous couvert d&rsquo;anonymat. La base, situ\u00e9e \u00e0 50 kilom\u00e8tres au nord de Kaboul a \u00e9t\u00e9 officiellement restitu\u00e9e \u00e0 l&rsquo;arm\u00e9e afghane ce 2 juillet. Ni le retrait, ni la restitution n&rsquo;ont pour le moment fait l&rsquo;objet d&rsquo;un commentaire officiel du d\u00e9partement d&rsquo;\u00c9tat am\u00e9ricain.\u00a0A\u00a0contrario, selon le porte-parole des talibans Zabihullah Mujahid\u00a0qui s&rsquo;est exprim\u00e9 \u00e0 l&rsquo;AFP, les talibans\u00a0\u00ab\u00a0se r\u00e9jouissent et soutiennent\u00a0\u00bb\u00a0ce d\u00e9part. Avant d&rsquo;ajouter :\u00a0\u00ab\u00a0Leur retrait complet\u00a0permettra aux Afghans de d\u00e9cider eux-m\u00eames de leur avenir.\u00a0\u00bb<\/p>\n<p>Le d\u00e9part de la base a\u00e9rienne de Bagram est une \u00e9tape majeure du retrait des troupes am\u00e9ricaines d\u2019Afghanistan. Une \u00e9tape hautement symbolique. La base de Bagram qui est un immense complexe entour\u00e9 de murs anti-explosion, surmont\u00e9s de barbel\u00e9s, \u00e9tait la plus grande base g\u00e9r\u00e9e par les am\u00e9ricains en Afghanistan.<\/p>\n<p>C&rsquo;est donc la fin d&rsquo;une pr\u00e9sence militaire am\u00e9ricaine dans un endroit strat\u00e9gique. Bagram a servi de point de d\u00e9part pour les frappes militaires contre les talibans et d&rsquo;autres groupes islamistes depuis les d\u00e9buts de l&rsquo;intervention\u00a0en Afghanistan\u00a0il y a pr\u00e8s de 20 ans.<\/p>\n<p>Une intervention d\u00e9cid\u00e9e apr\u00e8s les attentats contre les tours du World Trade Center \u00e0 New York et contre le Pentagone,\u00a0le\u00a011 septembre 2001. Le 20e anniversaire de cet \u00e9v\u00e9nement a d&rsquo;ailleurs \u00e9t\u00e9 choisi comme date butoir par Joe Biden pour le retrait am\u00e9ricain d&rsquo;Afghanistan. L&rsquo;op\u00e9ration militaire avait certes permis de renverser le r\u00e9gime taliban, mais ces derniers n&rsquo;ont jamais cess\u00e9 de combattre les troupes am\u00e9ricaines et leurs alli\u00e9s.<\/p>\n<p>Dans les villages voisins, la population affiche une certaine amertume au d\u00e9part des forces am\u00e9ricaines.\u00a020 apr\u00e8s leur intervention\u00a0en Afghanistan, le pays semble au bord du chaos.\u00a0Depuis d\u00e9but mai, les talibans ont men\u00e9 plusieurs offensives importantes \u00e0 l&rsquo;int\u00e9rieur du pays. Selon notre correspondante \u00e0 kaboul,\u00a0Sonia Ghezali, ils, progressent en effet \u00e0 une vitesse folle. Ils tentent depuis quelques jours de faire tomber certaines capitales provinciales. Les insurg\u00e9s qui se sont d\u00e9j\u00e0 empar\u00e9s des\u00a0postes-fronti\u00e8res avec le Tadjikistan, pourraient sous peu, selon certaines sources, prendre le contr\u00f4le de la fronti\u00e8re avec l\u2019Ouzbekistan. Les talibans montrent qu\u2019ils ont clairement l\u2019avantage sur les forces de s\u00e9curit\u00e9 afghanes qui seront seules dans moins de trois mois.<\/p>\n","protected":false},"excerpt":{"rendered":"<p>L&rsquo;ensemble des troupes am\u00e9ricaines et de l&rsquo;OTAN ont quitt\u00e9 la base a\u00e9rienne de Bagram, a annonc\u00e9 vendredi 2 juillet un responsable de la D\u00e9fense am\u00e9ricaine,&#8230;<\/p>\n","protected":false},"author":10,"featured_media":8075,"comment_status":"open","ping_status":"open","sticky":false,"template":"","format":"standard","meta":{"_coblocks_attr":"","_coblocks_dimensions":"","_coblocks_responsive_height":"","_coblocks_accordion_ie_support":"","_monsterinsights_skip_tracking":false,"_monsterinsights_sitenote_active":false,"_monsterinsights_sitenote_note":"","_monsterinsights_sitenote_category":0,"h5ap_radio_sources":[],"footnotes":""},"categories":[2],"tags":[],"class_list":["post-8074","post","type-post","status-publish","format-standard","has-post-thumbnail","hentry","category-international","wpcat-2-id"],"yoast_head":"<!-- This site is optimized with the Yoast SEO plugin v27.5 - https:\/\/yoast.com\/product\/yoast-seo-wordpress\/ -->\n<title>Afghanistan: Les Troupes Am\u00e9ricaines Et De Ll&#039;Otan Quittent La Base A\u00e9rienne De Bagram - SUNUPOST<\/title>\n<meta name=\"robots\" content=\"index, follow, max-snippet:-1, max-image-preview:large, max-video-preview:-1\" \/>\n<link rel=\"canonical\" href=\"https:\/\/sunupost.com\/?p=8074\" \/>\n<meta property=\"og:locale\" content=\"fr_FR\" \/>\n<meta property=\"og:type\" content=\"article\" \/>\n<meta property=\"og:title\" content=\"Afghanistan: Les Troupes Am\u00e9ricaines Et De Ll&#039;Otan Quittent La Base A\u00e9rienne De Bagram - SUNUPOST\" \/>\n<meta property=\"og:description\" content=\"L&rsquo;ensemble des troupes am\u00e9ricaines et de l&rsquo;OTAN ont quitt\u00e9 la base a\u00e9rienne de Bagram, a annonc\u00e9 vendredi 2 juillet un responsable de la D\u00e9fense am\u00e9ricaine,...\" \/>\n<meta property=\"og:url\" content=\"https:\/\/sunupost.com\/?p=8074\" \/>\n<meta property=\"og:site_name\" content=\"SUNUPOST\" \/>\n<meta property=\"article:publisher\" content=\"https:\/\/web.facebook.com\/Sunupost-101026658237468\/\" \/>\n<meta property=\"article:published_time\" content=\"2021-07-02T12:19:52+00:00\" \/>\n<meta property=\"og:image\" content=\"https:\/\/secureservercdn.net\/198.71.233.69\/17w.044.myftpupload.com\/wp-content\/uploads\/2021\/07\/IMG_02072021_121101_631_x_340_pixel.jpg?time=1663133741\" \/>\n\t<meta property=\"og:image:width\" content=\"631\" \/>\n\t<meta property=\"og:image:height\" content=\"340\" \/>\n\t<meta property=\"og:image:type\" content=\"image\/jpeg\" \/>\n<meta name=\"author\" content=\"La R\u00e9daction\" \/>\n<meta name=\"twitter:card\" content=\"summary_large_image\" \/>\n<meta name=\"twitter:creator\" content=\"@sunupost\" \/>\n<meta name=\"twitter:site\" content=\"@sunupost\" \/>\n<meta name=\"twitter:label1\" content=\"\u00c9crit par\" \/>\n\t<meta name=\"twitter:data1\" content=\"La R\u00e9daction\" \/>\n\t<meta name=\"twitter:label2\" content=\"Dur\u00e9e de lecture estim\u00e9e\" \/>\n\t<meta name=\"twitter:data2\" content=\"2 minutes\" \/>\n<script type=\"application\/ld+json\" class=\"yoast-schema-graph\">{\"@context\":\"https:\\\/\\\/schema.org\",\"@graph\":[{\"@type\":\"Article\",\"@id\":\"https:\\\/\\\/sunupost.com\\\/?p=8074#article\",\"isPartOf\":{\"@id\":\"https:\\\/\\\/sunupost.com\\\/?p=8074\"},\"author\":{\"name\":\"La R\u00e9daction\",\"@id\":\"https:\\\/\\\/sunupost.com\\\/#\\\/schema\\\/person\\\/9c04c80a48c29cd2be004cf57947ebb0\"},\"headline\":\"Afghanistan: Les Troupes Am\u00e9ricaines Et De Ll&rsquo;Otan Quittent La Base A\u00e9rienne De Bagram\",\"datePublished\":\"2021-07-02T12:19:52+00:00\",\"mainEntityOfPage\":{\"@id\":\"https:\\\/\\\/sunupost.com\\\/?p=8074\"},\"wordCount\":499,\"commentCount\":573,\"publisher\":{\"@id\":\"https:\\\/\\\/sunupost.com\\\/#organization\"},\"image\":{\"@id\":\"https:\\\/\\\/sunupost.com\\\/?p=8074#primaryimage\"},\"thumbnailUrl\":\"https:\\\/\\\/sunupost.com\\\/wp-content\\\/uploads\\\/2021\\\/07\\\/IMG_02072021_121101_631_x_340_pixel.jpg\",\"articleSection\":[\"INTERNATIONAL\"],\"inLanguage\":\"fr-FR\",\"potentialAction\":[{\"@type\":\"CommentAction\",\"name\":\"Comment\",\"target\":[\"https:\\\/\\\/sunupost.com\\\/?p=8074#respond\"]}]},{\"@type\":\"WebPage\",\"@id\":\"https:\\\/\\\/sunupost.com\\\/?p=8074\",\"url\":\"https:\\\/\\\/sunupost.com\\\/?p=8074\",\"name\":\"Afghanistan: Les Troupes Am\u00e9ricaines Et De Ll'Otan Quittent La Base A\u00e9rienne De Bagram - SUNUPOST\",\"isPartOf\":{\"@id\":\"https:\\\/\\\/sunupost.com\\\/#website\"},\"primaryImageOfPage\":{\"@id\":\"https:\\\/\\\/sunupost.com\\\/?p=8074#primaryimage\"},\"image\":{\"@id\":\"https:\\\/\\\/sunupost.com\\\/?p=8074#primaryimage\"},\"thumbnailUrl\":\"https:\\\/\\\/sunupost.com\\\/wp-content\\\/uploads\\\/2021\\\/07\\\/IMG_02072021_121101_631_x_340_pixel.jpg\",\"datePublished\":\"2021-07-02T12:19:52+00:00\",\"breadcrumb\":{\"@id\":\"https:\\\/\\\/sunupost.com\\\/?p=8074#breadcrumb\"},\"inLanguage\":\"fr-FR\",\"potentialAction\":[{\"@type\":\"ReadAction\",\"target\":[\"https:\\\/\\\/sunupost.com\\\/?p=8074\"]}]},{\"@type\":\"ImageObject\",\"inLanguage\":\"fr-FR\",\"@id\":\"https:\\\/\\\/sunupost.com\\\/?p=8074#primaryimage\",\"url\":\"https:\\\/\\\/sunupost.com\\\/wp-content\\\/uploads\\\/2021\\\/07\\\/IMG_02072021_121101_631_x_340_pixel.jpg\",\"contentUrl\":\"https:\\\/\\\/sunupost.com\\\/wp-content\\\/uploads\\\/2021\\\/07\\\/IMG_02072021_121101_631_x_340_pixel.jpg\",\"width\":631,\"height\":340},{\"@type\":\"BreadcrumbList\",\"@id\":\"https:\\\/\\\/sunupost.com\\\/?p=8074#breadcrumb\",\"itemListElement\":[{\"@type\":\"ListItem\",\"position\":1,\"name\":\"Home\",\"item\":\"https:\\\/\\\/sunupost.com\\\/\"},{\"@type\":\"ListItem\",\"position\":2,\"name\":\"Afghanistan: Les Troupes Am\u00e9ricaines Et De Ll&rsquo;Otan Quittent La Base A\u00e9rienne De Bagram\"}]},{\"@type\":\"WebSite\",\"@id\":\"https:\\\/\\\/sunupost.com\\\/#website\",\"url\":\"https:\\\/\\\/sunupost.com\\\/\",\"name\":\"SUNUPOST\",\"description\":\"Pens\u00e9e libre\",\"publisher\":{\"@id\":\"https:\\\/\\\/sunupost.com\\\/#organization\"},\"potentialAction\":[{\"@type\":\"SearchAction\",\"target\":{\"@type\":\"EntryPoint\",\"urlTemplate\":\"https:\\\/\\\/sunupost.com\\\/?s={search_term_string}\"},\"query-input\":{\"@type\":\"PropertyValueSpecification\",\"valueRequired\":true,\"valueName\":\"search_term_string\"}}],\"inLanguage\":\"fr-FR\"},{\"@type\":\"Organization\",\"@id\":\"https:\\\/\\\/sunupost.com\\\/#organization\",\"name\":\"SUNUPOST\",\"url\":\"https:\\\/\\\/sunupost.com\\\/\",\"logo\":{\"@type\":\"ImageObject\",\"inLanguage\":\"fr-FR\",\"@id\":\"https:\\\/\\\/sunupost.com\\\/#\\\/schema\\\/logo\\\/image\\\/\",\"url\":\"https:\\\/\\\/secureservercdn.net\\\/198.71.233.206\\\/17w.044.myftpupload.com\\\/wp-content\\\/uploads\\\/2020\\\/05\\\/Lancement.jpg?time=1639052812\",\"contentUrl\":\"https:\\\/\\\/secureservercdn.net\\\/198.71.233.206\\\/17w.044.myftpupload.com\\\/wp-content\\\/uploads\\\/2020\\\/05\\\/Lancement.jpg?time=1639052812\",\"width\":300,\"height\":100,\"caption\":\"SUNUPOST\"},\"image\":{\"@id\":\"https:\\\/\\\/sunupost.com\\\/#\\\/schema\\\/logo\\\/image\\\/\"},\"sameAs\":[\"https:\\\/\\\/web.facebook.com\\\/Sunupost-101026658237468\\\/\",\"https:\\\/\\\/x.com\\\/sunupost\",\"https:\\\/\\\/www.instagram.com\\\/sunupost\\\/\",\"https:\\\/\\\/www.youtube.com\\\/channel\\\/UCd7V7bCkLDOee8yr7CW4Dpw\"]},{\"@type\":\"Person\",\"@id\":\"https:\\\/\\\/sunupost.com\\\/#\\\/schema\\\/person\\\/9c04c80a48c29cd2be004cf57947ebb0\",\"name\":\"La R\u00e9daction\",\"image\":{\"@type\":\"ImageObject\",\"inLanguage\":\"fr-FR\",\"@id\":\"https:\\\/\\\/secure.gravatar.com\\\/avatar\\\/1dc7c1ffd136391c1a6d8806c3431e1a2dd9445015e3f66472e3c63e9c80807e?s=96&d=mm&r=g\",\"url\":\"https:\\\/\\\/secure.gravatar.com\\\/avatar\\\/1dc7c1ffd136391c1a6d8806c3431e1a2dd9445015e3f66472e3c63e9c80807e?s=96&d=mm&r=g\",\"contentUrl\":\"https:\\\/\\\/secure.gravatar.com\\\/avatar\\\/1dc7c1ffd136391c1a6d8806c3431e1a2dd9445015e3f66472e3c63e9c80807e?s=96&d=mm&r=g\",\"caption\":\"La R\u00e9daction\"},\"url\":\"https:\\\/\\\/sunupost.com\\\/?author=10\"}]}<\/script>\n<!-- \/ Yoast SEO plugin. -->","yoast_head_json":{"title":"Afghanistan: Les Troupes Am\u00e9ricaines Et De Ll'Otan Quittent La Base A\u00e9rienne De Bagram - SUNUPOST","robots":{"index":"index","follow":"follow","max-snippet":"max-snippet:-1","max-image-preview":"max-image-preview:large","max-video-preview":"max-video-preview:-1"},"canonical":"https:\/\/sunupost.com\/?p=8074","og_locale":"fr_FR","og_type":"article","og_title":"Afghanistan: Les Troupes Am\u00e9ricaines Et De Ll'Otan Quittent La Base A\u00e9rienne De Bagram - SUNUPOST","og_description":"L&rsquo;ensemble des troupes am\u00e9ricaines et de l&rsquo;OTAN ont quitt\u00e9 la base a\u00e9rienne de Bagram, a annonc\u00e9 vendredi 2 juillet un responsable de la D\u00e9fense am\u00e9ricaine,...","og_url":"https:\/\/sunupost.com\/?p=8074","og_site_name":"SUNUPOST","article_publisher":"https:\/\/web.facebook.com\/Sunupost-101026658237468\/","article_published_time":"2021-07-02T12:19:52+00:00","og_image":[{"width":631,"height":340,"url":"https:\/\/secureservercdn.net\/198.71.233.69\/17w.044.myftpupload.com\/wp-content\/uploads\/2021\/07\/IMG_02072021_121101_631_x_340_pixel.jpg?time=1663133741","type":"image\/jpeg"}],"author":"La R\u00e9daction","twitter_card":"summary_large_image","twitter_creator":"@sunupost","twitter_site":"@sunupost","twitter_misc":{"\u00c9crit par":"La R\u00e9daction","Dur\u00e9e de lecture estim\u00e9e":"2 minutes"},"schema":{"@context":"https:\/\/schema.org","@graph":[{"@type":"Article","@id":"https:\/\/sunupost.com\/?p=8074#article","isPartOf":{"@id":"https:\/\/sunupost.com\/?p=8074"},"author":{"name":"La R\u00e9daction","@id":"https:\/\/sunupost.com\/#\/schema\/person\/9c04c80a48c29cd2be004cf57947ebb0"},"headline":"Afghanistan: Les Troupes Am\u00e9ricaines Et De Ll&rsquo;Otan Quittent La Base A\u00e9rienne De Bagram","datePublished":"2021-07-02T12:19:52+00:00","mainEntityOfPage":{"@id":"https:\/\/sunupost.com\/?p=8074"},"wordCount":499,"commentCount":573,"publisher":{"@id":"https:\/\/sunupost.com\/#organization"},"image":{"@id":"https:\/\/sunupost.com\/?p=8074#primaryimage"},"thumbnailUrl":"https:\/\/sunupost.com\/wp-content\/uploads\/2021\/07\/IMG_02072021_121101_631_x_340_pixel.jpg","articleSection":["INTERNATIONAL"],"inLanguage":"fr-FR","potentialAction":[{"@type":"CommentAction","name":"Comment","target":["https:\/\/sunupost.com\/?p=8074#respond"]}]},{"@type":"WebPage","@id":"https:\/\/sunupost.com\/?p=8074","url":"https:\/\/sunupost.com\/?p=8074","name":"Afghanistan: Les Troupes Am\u00e9ricaines Et De Ll'Otan Quittent La Base A\u00e9rienne De Bagram - SUNUPOST","isPartOf":{"@id":"https:\/\/sunupost.com\/#website"},"primaryImageOfPage":{"@id":"https:\/\/sunupost.com\/?p=8074#primaryimage"},"image":{"@id":"https:\/\/sunupost.com\/?p=8074#primaryimage"},"thumbnailUrl":"https:\/\/sunupost.com\/wp-content\/uploads\/2021\/07\/IMG_02072021_121101_631_x_340_pixel.jpg","datePublished":"2021-07-02T12:19:52+00:00","breadcrumb":{"@id":"https:\/\/sunupost.com\/?p=8074#breadcrumb"},"inLanguage":"fr-FR","potentialAction":[{"@type":"ReadAction","target":["https:\/\/sunupost.com\/?p=8074"]}]},{"@type":"ImageObject","inLanguage":"fr-FR","@id":"https:\/\/sunupost.com\/?p=8074#primaryimage","url":"https:\/\/sunupost.com\/wp-content\/uploads\/2021\/07\/IMG_02072021_121101_631_x_340_pixel.jpg","contentUrl":"https:\/\/sunupost.com\/wp-content\/uploads\/2021\/07\/IMG_02072021_121101_631_x_340_pixel.jpg","width":631,"height":340},{"@type":"BreadcrumbList","@id":"https:\/\/sunupost.com\/?p=8074#breadcrumb","itemListElement":[{"@type":"ListItem","position":1,"name":"Home","item":"https:\/\/sunupost.com\/"},{"@type":"ListItem","position":2,"name":"Afghanistan: Les Troupes Am\u00e9ricaines Et De Ll&rsquo;Otan Quittent La Base A\u00e9rienne De Bagram"}]},{"@type":"WebSite","@id":"https:\/\/sunupost.com\/#website","url":"https:\/\/sunupost.com\/","name":"SUNUPOST","description":"Pens\u00e9e libre","publisher":{"@id":"https:\/\/sunupost.com\/#organization"},"potentialAction":[{"@type":"SearchAction","target":{"@type":"EntryPoint","urlTemplate":"https:\/\/sunupost.com\/?s={search_term_string}"},"query-input":{"@type":"PropertyValueSpecification","valueRequired":true,"valueName":"search_term_string"}}],"inLanguage":"fr-FR"},{"@type":"Organization","@id":"https:\/\/sunupost.com\/#organization","name":"SUNUPOST","url":"https:\/\/sunupost.com\/","logo":{"@type":"ImageObject","inLanguage":"fr-FR","@id":"https:\/\/sunupost.com\/#\/schema\/logo\/image\/","url":"https:\/\/secureservercdn.net\/198.71.233.206\/17w.044.myftpupload.com\/wp-content\/uploads\/2020\/05\/Lancement.jpg?time=1639052812","contentUrl":"https:\/\/secureservercdn.net\/198.71.233.206\/17w.044.myftpupload.com\/wp-content\/uploads\/2020\/05\/Lancement.jpg?time=1639052812","width":300,"height":100,"caption":"SUNUPOST"},"image":{"@id":"https:\/\/sunupost.com\/#\/schema\/logo\/image\/"},"sameAs":["https:\/\/web.facebook.com\/Sunupost-101026658237468\/","https:\/\/x.com\/sunupost","https:\/\/www.instagram.com\/sunupost\/","https:\/\/www.youtube.com\/channel\/UCd7V7bCkLDOee8yr7CW4Dpw"]},{"@type":"Person","@id":"https:\/\/sunupost.com\/#\/schema\/person\/9c04c80a48c29cd2be004cf57947ebb0","name":"La R\u00e9daction","image":{"@type":"ImageObject","inLanguage":"fr-FR","@id":"https:\/\/secure.gravatar.com\/avatar\/1dc7c1ffd136391c1a6d8806c3431e1a2dd9445015e3f66472e3c63e9c80807e?s=96&d=mm&r=g","url":"https:\/\/secure.gravatar.com\/avatar\/1dc7c1ffd136391c1a6d8806c3431e1a2dd9445015e3f66472e3c63e9c80807e?s=96&d=mm&r=g","contentUrl":"https:\/\/secure.gravatar.com\/avatar\/1dc7c1ffd136391c1a6d8806c3431e1a2dd9445015e3f66472e3c63e9c80807e?s=96&d=mm&r=g","caption":"La R\u00e9daction"},"url":"https:\/\/sunupost.com\/?author=10"}]}},"_links":{"self":[{"href":"https:\/\/sunupost.com\/index.php?rest_route=\/wp\/v2\/posts\/8074","targetHints":{"allow":["GET"]}}],"collection":[{"href":"https:\/\/sunupost.com\/index.php?rest_route=\/wp\/v2\/posts"}],"about":[{"href":"https:\/\/sunupost.com\/index.php?rest_route=\/wp\/v2\/types\/post"}],"author":[{"embeddable":true,"href":"https:\/\/sunupost.com\/index.php?rest_route=\/wp\/v2\/users\/10"}],"replies":[{"embeddable":true,"href":"https:\/\/sunupost.com\/index.php?rest_route=%2Fwp%2Fv2%2Fcomments&post=8074"}],"version-history":[{"count":0,"href":"https:\/\/sunupost.com\/index.php?rest_route=\/wp\/v2\/posts\/8074\/revisions"}],"wp:featuredmedia":[{"embeddable":true,"href":"https:\/\/sunupost.com\/index.php?rest_route=\/wp\/v2\/media\/8075"}],"wp:attachment":[{"href":"https:\/\/sunupost.com\/index.php?rest_route=%2Fwp%2Fv2%2Fmedia&parent=8074"}],"wp:term":[{"taxonomy":"category","embeddable":true,"href":"https:\/\/sunupost.com\/index.php?rest_route=%2Fwp%2Fv2%2Fcategories&post=8074"},{"taxonomy":"post_tag","embeddable":true,"href":"https:\/\/sunupost.com\/index.php?rest_route=%2Fwp%2Fv2%2Ftags&post=8074"}],"curies":[{"name":"wp","href":"https:\/\/api.w.org\/{rel}","templated":true}]}}