{"id":8283,"date":"2021-07-14T00:45:13","date_gmt":"2021-07-14T00:45:13","guid":{"rendered":"https:\/\/sunupost.com\/?p=8283"},"modified":"2021-07-14T00:45:13","modified_gmt":"2021-07-14T00:45:13","slug":"le-ben-du-sames-demande-a-letat-dinterdire-les-rassemblements-religieux-culturels-et-politiques","status":"publish","type":"post","link":"https:\/\/sunupost.com\/?p=8283","title":{"rendered":"Le Ben du Sames Demande A L&rsquo;Etat D&rsquo;Interdire Les Rassemblements Religieux, Culturels Et Politiques"},"content":{"rendered":"<div>Le Bureau ex\u00e9cutif national (BEN) du Syndicat autonome des m\u00e9decins, pharmaciens et chirurgiens-dentistes du S\u00e9n\u00e9gal (SAMES) demande \u00e0 l\u2019Etat d\u2019interdire les rassemblements religieux, culturels et politiques qui favorisent la propagation du Covid-19 et de faire respecter le port du masque dans les services et sur la voie publique.<\/div>\n<div><\/div>\n<div>\u00ab\u00a0Si rien n\u2019est fait d\u2019ici la f\u00eate de Tabaski, la situation de Dakar se retrouvera sur l\u2019ensemble du territoire. C\u2019est pourquoi le SAMES, dans un communiqu\u00e9 re\u00e7u \u00e0 Sunupost, demande \u00e0 l\u2019Etat d\u2019interdire tous les rassemblements religieux, culturels et politiques qui favorisent la propagation de la maladie et de faire respecter le port du masque dans les services et sur la voie publique\u2019\u2019.<\/div>\n<div><\/div>\n<div>Dans cette m\u00eame optique, les syndicalistes lancent \u00e9galement un appel aux chefs religieux, aux responsables politiques et de la soci\u00e9t\u00e9 civile pour leur participation \u00e0 faire respecter les gestes barri\u00e8res et \u00e0 se faire vacciner surtout dans les r\u00e9gions de l\u2019int\u00e9rieur du pays.<\/div>\n<div><\/div>\n<div>Au sortir d\u2019une r\u00e9union tenue samedi, les responsables du BEN disent avoir constat\u00e9 que cette vague de Covid a atteint un niveau \u2019\u2019sans pr\u00e9c\u00e9dent, inqui\u00e9tant\u2019\u2019.<\/p>\n<p>\u00ab\u00a0Les services sont au bord de l\u2019implosion surtout \u00e0 Dakar, et bient\u00f4t ce sera quasi impossible de trouver une place pour les malades graves qui sont de plus en plus jeunes\u00a0\u00bb, ont-ils alert\u00e9.<\/p><\/div>\n<div><\/div>\n<div>Ils font observer qu\u2019au m\u00eame moment \u2019\u2019aucune mesure d\u00e9terminante n\u2019est prise et des rassemblements se font en toute inconscience\u2019\u2019.<\/div>\n<div><\/div>\n<div>\u00ab\u00a0Ce p\u00e9ril doit nous faire d\u00e9passer nos clivages et l\u2019argument sanitaire doit pr\u00e9valoir pour \u00e9viter de se retrouver devant une situation incontr\u00f4lable. Un sursaut national est attendu de tous les acteurs de la vie publique pour pr\u00e9server notre cher S\u00e9n\u00e9gal\u00a0\u00bb, ont-ils pr\u00e9conis\u00e9.<\/div>\n<div><\/div>\n<div>Les responsables du SAMES invitent la presse \u00e0 en faire \u2019\u2019leur propre affaire\u2019\u2019 parce que \u2019\u2019personne ne sera \u00e0 l\u2019abri si cette flamb\u00e9e continue et se diss\u00e9mine\u2019\u2019.<\/div>\n","protected":false},"excerpt":{"rendered":"<p>Le Bureau ex\u00e9cutif national (BEN) du Syndicat autonome des m\u00e9decins, pharmaciens et chirurgiens-dentistes du S\u00e9n\u00e9gal (SAMES) demande \u00e0 l\u2019Etat d\u2019interdire les rassemblements religieux, culturels et&#8230;<\/p>\n","protected":false},"author":19,"featured_media":8284,"comment_status":"open","ping_status":"open","sticky":false,"template":"","format":"standard","meta":{"_coblocks_attr":"","_coblocks_dimensions":"","_coblocks_responsive_height":"","_coblocks_accordion_ie_support":"","_monsterinsights_skip_tracking":false,"_monsterinsights_sitenote_active":false,"_monsterinsights_sitenote_note":"","_monsterinsights_sitenote_category":0,"h5ap_radio_sources":[],"footnotes":""},"categories":[15],"tags":[],"class_list":["post-8283","post","type-post","status-publish","format-standard","has-post-thumbnail","hentry","category-a-la-une","wpcat-15-id"],"yoast_head":"<!-- This site is optimized with the Yoast SEO plugin v27.4 - https:\/\/yoast.com\/product\/yoast-seo-wordpress\/ -->\n<title>Le Ben du Sames Demande A L&#039;Etat D&#039;Interdire Les Rassemblements Religieux, Culturels Et Politiques - SUNUPOST<\/title>\n<meta name=\"robots\" content=\"index, follow, max-snippet:-1, max-image-preview:large, max-video-preview:-1\" \/>\n<link rel=\"canonical\" href=\"https:\/\/sunupost.com\/?p=8283\" \/>\n<meta property=\"og:locale\" content=\"fr_FR\" \/>\n<meta property=\"og:type\" content=\"article\" \/>\n<meta property=\"og:title\" content=\"Le Ben du Sames Demande A L&#039;Etat D&#039;Interdire Les Rassemblements Religieux, Culturels Et Politiques - SUNUPOST\" \/>\n<meta property=\"og:description\" content=\"Le Bureau ex\u00e9cutif national (BEN) du Syndicat autonome des m\u00e9decins, pharmaciens et chirurgiens-dentistes du S\u00e9n\u00e9gal (SAMES) demande \u00e0 l\u2019Etat d\u2019interdire les rassemblements religieux, culturels et...\" \/>\n<meta property=\"og:url\" content=\"https:\/\/sunupost.com\/?p=8283\" \/>\n<meta property=\"og:site_name\" content=\"SUNUPOST\" \/>\n<meta property=\"article:publisher\" content=\"https:\/\/web.facebook.com\/Sunupost-101026658237468\/\" \/>\n<meta property=\"article:published_time\" content=\"2021-07-14T00:45:13+00:00\" \/>\n<meta property=\"og:image\" content=\"https:\/\/secureservercdn.net\/198.71.233.69\/17w.044.myftpupload.com\/wp-content\/uploads\/2021\/07\/rassemblement.jpg?time=1663126536\" \/>\n\t<meta property=\"og:image:width\" content=\"275\" \/>\n\t<meta property=\"og:image:height\" content=\"183\" \/>\n\t<meta property=\"og:image:type\" content=\"image\/jpeg\" \/>\n<meta name=\"author\" content=\"Binta Ciss\u00e9\" \/>\n<meta name=\"twitter:card\" content=\"summary_large_image\" \/>\n<meta name=\"twitter:creator\" content=\"@sunupost\" \/>\n<meta name=\"twitter:site\" content=\"@sunupost\" \/>\n<meta name=\"twitter:label1\" content=\"\u00c9crit par\" \/>\n\t<meta name=\"twitter:data1\" content=\"Binta Ciss\u00e9\" \/>\n\t<meta name=\"twitter:label2\" content=\"Dur\u00e9e de lecture estim\u00e9e\" \/>\n\t<meta name=\"twitter:data2\" content=\"2 minutes\" \/>\n<script type=\"application\/ld+json\" class=\"yoast-schema-graph\">{\"@context\":\"https:\\\/\\\/schema.org\",\"@graph\":[{\"@type\":\"Article\",\"@id\":\"https:\\\/\\\/sunupost.com\\\/?p=8283#article\",\"isPartOf\":{\"@id\":\"https:\\\/\\\/sunupost.com\\\/?p=8283\"},\"author\":{\"name\":\"Binta Ciss\u00e9\",\"@id\":\"https:\\\/\\\/sunupost.com\\\/#\\\/schema\\\/person\\\/4180ce1fd5a5254dcccf3b93847e92fb\"},\"headline\":\"Le Ben du Sames Demande A L&rsquo;Etat D&rsquo;Interdire Les Rassemblements Religieux, Culturels Et Politiques\",\"datePublished\":\"2021-07-14T00:45:13+00:00\",\"mainEntityOfPage\":{\"@id\":\"https:\\\/\\\/sunupost.com\\\/?p=8283\"},\"wordCount\":351,\"commentCount\":293,\"publisher\":{\"@id\":\"https:\\\/\\\/sunupost.com\\\/#organization\"},\"image\":{\"@id\":\"https:\\\/\\\/sunupost.com\\\/?p=8283#primaryimage\"},\"thumbnailUrl\":\"https:\\\/\\\/sunupost.com\\\/wp-content\\\/uploads\\\/2021\\\/07\\\/rassemblement.jpg\",\"articleSection\":[\"A LA UNE\"],\"inLanguage\":\"fr-FR\",\"potentialAction\":[{\"@type\":\"CommentAction\",\"name\":\"Comment\",\"target\":[\"https:\\\/\\\/sunupost.com\\\/?p=8283#respond\"]}]},{\"@type\":\"WebPage\",\"@id\":\"https:\\\/\\\/sunupost.com\\\/?p=8283\",\"url\":\"https:\\\/\\\/sunupost.com\\\/?p=8283\",\"name\":\"Le Ben du Sames Demande A L'Etat D'Interdire Les Rassemblements Religieux, Culturels Et Politiques - SUNUPOST\",\"isPartOf\":{\"@id\":\"https:\\\/\\\/sunupost.com\\\/#website\"},\"primaryImageOfPage\":{\"@id\":\"https:\\\/\\\/sunupost.com\\\/?p=8283#primaryimage\"},\"image\":{\"@id\":\"https:\\\/\\\/sunupost.com\\\/?p=8283#primaryimage\"},\"thumbnailUrl\":\"https:\\\/\\\/sunupost.com\\\/wp-content\\\/uploads\\\/2021\\\/07\\\/rassemblement.jpg\",\"datePublished\":\"2021-07-14T00:45:13+00:00\",\"breadcrumb\":{\"@id\":\"https:\\\/\\\/sunupost.com\\\/?p=8283#breadcrumb\"},\"inLanguage\":\"fr-FR\",\"potentialAction\":[{\"@type\":\"ReadAction\",\"target\":[\"https:\\\/\\\/sunupost.com\\\/?p=8283\"]}]},{\"@type\":\"ImageObject\",\"inLanguage\":\"fr-FR\",\"@id\":\"https:\\\/\\\/sunupost.com\\\/?p=8283#primaryimage\",\"url\":\"https:\\\/\\\/sunupost.com\\\/wp-content\\\/uploads\\\/2021\\\/07\\\/rassemblement.jpg\",\"contentUrl\":\"https:\\\/\\\/sunupost.com\\\/wp-content\\\/uploads\\\/2021\\\/07\\\/rassemblement.jpg\",\"width\":275,\"height\":183},{\"@type\":\"BreadcrumbList\",\"@id\":\"https:\\\/\\\/sunupost.com\\\/?p=8283#breadcrumb\",\"itemListElement\":[{\"@type\":\"ListItem\",\"position\":1,\"name\":\"Home\",\"item\":\"https:\\\/\\\/sunupost.com\\\/\"},{\"@type\":\"ListItem\",\"position\":2,\"name\":\"Le Ben du Sames Demande A L&rsquo;Etat D&rsquo;Interdire Les Rassemblements Religieux, Culturels Et Politiques\"}]},{\"@type\":\"WebSite\",\"@id\":\"https:\\\/\\\/sunupost.com\\\/#website\",\"url\":\"https:\\\/\\\/sunupost.com\\\/\",\"name\":\"SUNUPOST\",\"description\":\"Pens\u00e9e libre\",\"publisher\":{\"@id\":\"https:\\\/\\\/sunupost.com\\\/#organization\"},\"potentialAction\":[{\"@type\":\"SearchAction\",\"target\":{\"@type\":\"EntryPoint\",\"urlTemplate\":\"https:\\\/\\\/sunupost.com\\\/?s={search_term_string}\"},\"query-input\":{\"@type\":\"PropertyValueSpecification\",\"valueRequired\":true,\"valueName\":\"search_term_string\"}}],\"inLanguage\":\"fr-FR\"},{\"@type\":\"Organization\",\"@id\":\"https:\\\/\\\/sunupost.com\\\/#organization\",\"name\":\"SUNUPOST\",\"url\":\"https:\\\/\\\/sunupost.com\\\/\",\"logo\":{\"@type\":\"ImageObject\",\"inLanguage\":\"fr-FR\",\"@id\":\"https:\\\/\\\/sunupost.com\\\/#\\\/schema\\\/logo\\\/image\\\/\",\"url\":\"https:\\\/\\\/secureservercdn.net\\\/198.71.233.206\\\/17w.044.myftpupload.com\\\/wp-content\\\/uploads\\\/2020\\\/05\\\/Lancement.jpg?time=1639052812\",\"contentUrl\":\"https:\\\/\\\/secureservercdn.net\\\/198.71.233.206\\\/17w.044.myftpupload.com\\\/wp-content\\\/uploads\\\/2020\\\/05\\\/Lancement.jpg?time=1639052812\",\"width\":300,\"height\":100,\"caption\":\"SUNUPOST\"},\"image\":{\"@id\":\"https:\\\/\\\/sunupost.com\\\/#\\\/schema\\\/logo\\\/image\\\/\"},\"sameAs\":[\"https:\\\/\\\/web.facebook.com\\\/Sunupost-101026658237468\\\/\",\"https:\\\/\\\/x.com\\\/sunupost\",\"https:\\\/\\\/www.instagram.com\\\/sunupost\\\/\",\"https:\\\/\\\/www.youtube.com\\\/channel\\\/UCd7V7bCkLDOee8yr7CW4Dpw\"]},{\"@type\":\"Person\",\"@id\":\"https:\\\/\\\/sunupost.com\\\/#\\\/schema\\\/person\\\/4180ce1fd5a5254dcccf3b93847e92fb\",\"name\":\"Binta Ciss\u00e9\",\"image\":{\"@type\":\"ImageObject\",\"inLanguage\":\"fr-FR\",\"@id\":\"https:\\\/\\\/secure.gravatar.com\\\/avatar\\\/d7ec4285e9eacdc893e9d8cea0ea6a1ff0a32ecab53f42d0bbe410001c3be0be?s=96&d=mm&r=g\",\"url\":\"https:\\\/\\\/secure.gravatar.com\\\/avatar\\\/d7ec4285e9eacdc893e9d8cea0ea6a1ff0a32ecab53f42d0bbe410001c3be0be?s=96&d=mm&r=g\",\"contentUrl\":\"https:\\\/\\\/secure.gravatar.com\\\/avatar\\\/d7ec4285e9eacdc893e9d8cea0ea6a1ff0a32ecab53f42d0bbe410001c3be0be?s=96&d=mm&r=g\",\"caption\":\"Binta Ciss\u00e9\"},\"url\":\"https:\\\/\\\/sunupost.com\\\/?author=19\"}]}<\/script>\n<!-- \/ Yoast SEO plugin. -->","yoast_head_json":{"title":"Le Ben du Sames Demande A L'Etat D'Interdire Les Rassemblements Religieux, Culturels Et Politiques - SUNUPOST","robots":{"index":"index","follow":"follow","max-snippet":"max-snippet:-1","max-image-preview":"max-image-preview:large","max-video-preview":"max-video-preview:-1"},"canonical":"https:\/\/sunupost.com\/?p=8283","og_locale":"fr_FR","og_type":"article","og_title":"Le Ben du Sames Demande A L'Etat D'Interdire Les Rassemblements Religieux, Culturels Et Politiques - SUNUPOST","og_description":"Le Bureau ex\u00e9cutif national (BEN) du Syndicat autonome des m\u00e9decins, pharmaciens et chirurgiens-dentistes du S\u00e9n\u00e9gal (SAMES) demande \u00e0 l\u2019Etat d\u2019interdire les rassemblements religieux, culturels et...","og_url":"https:\/\/sunupost.com\/?p=8283","og_site_name":"SUNUPOST","article_publisher":"https:\/\/web.facebook.com\/Sunupost-101026658237468\/","article_published_time":"2021-07-14T00:45:13+00:00","og_image":[{"width":275,"height":183,"url":"https:\/\/secureservercdn.net\/198.71.233.69\/17w.044.myftpupload.com\/wp-content\/uploads\/2021\/07\/rassemblement.jpg?time=1663126536","type":"image\/jpeg"}],"author":"Binta Ciss\u00e9","twitter_card":"summary_large_image","twitter_creator":"@sunupost","twitter_site":"@sunupost","twitter_misc":{"\u00c9crit par":"Binta Ciss\u00e9","Dur\u00e9e de lecture estim\u00e9e":"2 minutes"},"schema":{"@context":"https:\/\/schema.org","@graph":[{"@type":"Article","@id":"https:\/\/sunupost.com\/?p=8283#article","isPartOf":{"@id":"https:\/\/sunupost.com\/?p=8283"},"author":{"name":"Binta Ciss\u00e9","@id":"https:\/\/sunupost.com\/#\/schema\/person\/4180ce1fd5a5254dcccf3b93847e92fb"},"headline":"Le Ben du Sames Demande A L&rsquo;Etat D&rsquo;Interdire Les Rassemblements Religieux, Culturels Et Politiques","datePublished":"2021-07-14T00:45:13+00:00","mainEntityOfPage":{"@id":"https:\/\/sunupost.com\/?p=8283"},"wordCount":351,"commentCount":293,"publisher":{"@id":"https:\/\/sunupost.com\/#organization"},"image":{"@id":"https:\/\/sunupost.com\/?p=8283#primaryimage"},"thumbnailUrl":"https:\/\/sunupost.com\/wp-content\/uploads\/2021\/07\/rassemblement.jpg","articleSection":["A LA UNE"],"inLanguage":"fr-FR","potentialAction":[{"@type":"CommentAction","name":"Comment","target":["https:\/\/sunupost.com\/?p=8283#respond"]}]},{"@type":"WebPage","@id":"https:\/\/sunupost.com\/?p=8283","url":"https:\/\/sunupost.com\/?p=8283","name":"Le Ben du Sames Demande A L'Etat D'Interdire Les Rassemblements Religieux, Culturels Et Politiques - SUNUPOST","isPartOf":{"@id":"https:\/\/sunupost.com\/#website"},"primaryImageOfPage":{"@id":"https:\/\/sunupost.com\/?p=8283#primaryimage"},"image":{"@id":"https:\/\/sunupost.com\/?p=8283#primaryimage"},"thumbnailUrl":"https:\/\/sunupost.com\/wp-content\/uploads\/2021\/07\/rassemblement.jpg","datePublished":"2021-07-14T00:45:13+00:00","breadcrumb":{"@id":"https:\/\/sunupost.com\/?p=8283#breadcrumb"},"inLanguage":"fr-FR","potentialAction":[{"@type":"ReadAction","target":["https:\/\/sunupost.com\/?p=8283"]}]},{"@type":"ImageObject","inLanguage":"fr-FR","@id":"https:\/\/sunupost.com\/?p=8283#primaryimage","url":"https:\/\/sunupost.com\/wp-content\/uploads\/2021\/07\/rassemblement.jpg","contentUrl":"https:\/\/sunupost.com\/wp-content\/uploads\/2021\/07\/rassemblement.jpg","width":275,"height":183},{"@type":"BreadcrumbList","@id":"https:\/\/sunupost.com\/?p=8283#breadcrumb","itemListElement":[{"@type":"ListItem","position":1,"name":"Home","item":"https:\/\/sunupost.com\/"},{"@type":"ListItem","position":2,"name":"Le Ben du Sames Demande A L&rsquo;Etat D&rsquo;Interdire Les Rassemblements Religieux, Culturels Et Politiques"}]},{"@type":"WebSite","@id":"https:\/\/sunupost.com\/#website","url":"https:\/\/sunupost.com\/","name":"SUNUPOST","description":"Pens\u00e9e libre","publisher":{"@id":"https:\/\/sunupost.com\/#organization"},"potentialAction":[{"@type":"SearchAction","target":{"@type":"EntryPoint","urlTemplate":"https:\/\/sunupost.com\/?s={search_term_string}"},"query-input":{"@type":"PropertyValueSpecification","valueRequired":true,"valueName":"search_term_string"}}],"inLanguage":"fr-FR"},{"@type":"Organization","@id":"https:\/\/sunupost.com\/#organization","name":"SUNUPOST","url":"https:\/\/sunupost.com\/","logo":{"@type":"ImageObject","inLanguage":"fr-FR","@id":"https:\/\/sunupost.com\/#\/schema\/logo\/image\/","url":"https:\/\/secureservercdn.net\/198.71.233.206\/17w.044.myftpupload.com\/wp-content\/uploads\/2020\/05\/Lancement.jpg?time=1639052812","contentUrl":"https:\/\/secureservercdn.net\/198.71.233.206\/17w.044.myftpupload.com\/wp-content\/uploads\/2020\/05\/Lancement.jpg?time=1639052812","width":300,"height":100,"caption":"SUNUPOST"},"image":{"@id":"https:\/\/sunupost.com\/#\/schema\/logo\/image\/"},"sameAs":["https:\/\/web.facebook.com\/Sunupost-101026658237468\/","https:\/\/x.com\/sunupost","https:\/\/www.instagram.com\/sunupost\/","https:\/\/www.youtube.com\/channel\/UCd7V7bCkLDOee8yr7CW4Dpw"]},{"@type":"Person","@id":"https:\/\/sunupost.com\/#\/schema\/person\/4180ce1fd5a5254dcccf3b93847e92fb","name":"Binta Ciss\u00e9","image":{"@type":"ImageObject","inLanguage":"fr-FR","@id":"https:\/\/secure.gravatar.com\/avatar\/d7ec4285e9eacdc893e9d8cea0ea6a1ff0a32ecab53f42d0bbe410001c3be0be?s=96&d=mm&r=g","url":"https:\/\/secure.gravatar.com\/avatar\/d7ec4285e9eacdc893e9d8cea0ea6a1ff0a32ecab53f42d0bbe410001c3be0be?s=96&d=mm&r=g","contentUrl":"https:\/\/secure.gravatar.com\/avatar\/d7ec4285e9eacdc893e9d8cea0ea6a1ff0a32ecab53f42d0bbe410001c3be0be?s=96&d=mm&r=g","caption":"Binta Ciss\u00e9"},"url":"https:\/\/sunupost.com\/?author=19"}]}},"_links":{"self":[{"href":"https:\/\/sunupost.com\/index.php?rest_route=\/wp\/v2\/posts\/8283","targetHints":{"allow":["GET"]}}],"collection":[{"href":"https:\/\/sunupost.com\/index.php?rest_route=\/wp\/v2\/posts"}],"about":[{"href":"https:\/\/sunupost.com\/index.php?rest_route=\/wp\/v2\/types\/post"}],"author":[{"embeddable":true,"href":"https:\/\/sunupost.com\/index.php?rest_route=\/wp\/v2\/users\/19"}],"replies":[{"embeddable":true,"href":"https:\/\/sunupost.com\/index.php?rest_route=%2Fwp%2Fv2%2Fcomments&post=8283"}],"version-history":[{"count":0,"href":"https:\/\/sunupost.com\/index.php?rest_route=\/wp\/v2\/posts\/8283\/revisions"}],"wp:featuredmedia":[{"embeddable":true,"href":"https:\/\/sunupost.com\/index.php?rest_route=\/wp\/v2\/media\/8284"}],"wp:attachment":[{"href":"https:\/\/sunupost.com\/index.php?rest_route=%2Fwp%2Fv2%2Fmedia&parent=8283"}],"wp:term":[{"taxonomy":"category","embeddable":true,"href":"https:\/\/sunupost.com\/index.php?rest_route=%2Fwp%2Fv2%2Fcategories&post=8283"},{"taxonomy":"post_tag","embeddable":true,"href":"https:\/\/sunupost.com\/index.php?rest_route=%2Fwp%2Fv2%2Ftags&post=8283"}],"curies":[{"name":"wp","href":"https:\/\/api.w.org\/{rel}","templated":true}]}}