{"id":8305,"date":"2021-07-15T10:52:23","date_gmt":"2021-07-15T10:52:23","guid":{"rendered":"https:\/\/sunupost.com\/?p=8305"},"modified":"2021-07-15T10:52:23","modified_gmt":"2021-07-15T10:52:23","slug":"15-juillet-2019-15-juillet-2021-il-y-a-deux-ans-disparaissait-ousmane-tanor-dieng","status":"publish","type":"post","link":"https:\/\/sunupost.com\/?p=8305","title":{"rendered":"15 Juillet 2019 &#8211; 15 Juillet 2021 Il Y&rsquo; A Deux Ans Disparaissait Ousmane Tanor Dieng"},"content":{"rendered":"<p>D\u00e9c\u00e9d\u00e9 le 15 juillet 2019 \u00e0 Bordeaux en France, Ousmane Tanor Dieng a \u00e9t\u00e9 un grand homme politique s\u00e9n\u00e9galais. Ce jeudi, sera c\u00e9l\u00e9br\u00e9 l\u2019an II de son d\u00e9c\u00e8s. Une occasion pour revenir sur le parcours du d\u00e9funt secr\u00e9taire g\u00e9n\u00e9ral du Parti socialiste.<\/p>\n<p>Il y a deux ans jour pour jour,\u00a0Ousmane Tanor Dieng\u00a0tirait sa r\u00e9v\u00e9rence \u00e0 Bordeaux (France), plongeant le S\u00e9n\u00e9gal dans une tristesse indescriptible. Ce jeudi, est jour de comm\u00e9moration de l\u2019an 2 de sa disparition. Le S\u00e9n\u00e9gal continue de pleurer un grand homme d\u2019Etat. Une ic\u00f4ne de la politique s\u00e9n\u00e9galaise. N\u00e9 le 2 janvier 1947 \u00e0 Ngu\u00e9ni\u00e8ne, Ousmane Tanor Dieng a \u00e9t\u00e9 au c\u0153ur de l\u2019Etat pendant plus d\u2019une trentaine d\u2019ann\u00e9es et assum\u00e9 de hautes charges dans ce pays.<\/p>\n<p>Ayant int\u00e9gr\u00e9 l\u2019administration s\u00e9n\u00e9galaise en 1976, il a eu \u00e0 occuper successivement les fonctions de conseiller charg\u00e9 des affaires internationales au minist\u00e8re des Affaires \u00e9trang\u00e8res (1976-78), conseiller diplomatique aupr\u00e8s du Pr\u00e9sident L\u00e9opold S\u00e9dar Senghor (1978-81), puis aupr\u00e8s du Pr\u00e9sident Abdou Diouf (1981-88). En 1988, il a \u00e9t\u00e9 nomm\u00e9 directeur de cabinet, puis ministre-directeur de cabinet toujours sous le pr\u00e9sident Diouf. Poste qu\u2019il a eu \u00e0 g\u00e9rer jusqu\u2019en 1993, ann\u00e9e o\u00f9 il a \u00e9t\u00e9 nomm\u00e9 ministre d\u2019\u00c9tat, ministre des services et des affaires pr\u00e9sidentielles.<\/p>\n<p>\u00ab\u00a0Il a accompli son devoir. Il a fait ce qu\u2019il avait \u00e0 faire. C\u2019est un grand homme d\u2019Etat. Il savait beaucoup de choses dans ce pays. Il a eu \u00e0 \u00eatre le premier collaborateur du pr\u00e9sident Abdou Diouf. Il avait une position strat\u00e9gique qui lui permettait de recevoir toutes sortes d\u2019informations. Mais, on n\u2019a jamais entendu Ousmane Tanor Dieng d\u00e9florer un secret pour parler de choses qu\u2019il ne devrait pas dire\u00a0\u00bb, t\u00e9moignait lors de son d\u00e9c\u00e8s, l\u2019historienne Penda Mbow qui avait salu\u00e9, dans la foul\u00e9e, la discr\u00e9tion, le calme et la s\u00e9r\u00e9nit\u00e9 de l\u2019homme.<\/p>\n<p>Me Madick\u00e9 Niang ajoutait : \u00ab\u00a0en homme d\u2019Etat accompli, il a toujours su garder dans son tr\u00e9fonds les socles de la R\u00e9publique. Au nom du devoir de r\u00e9serve, il les aura gard\u00e9s jusqu\u2019au bout, sans faillir et jamais un seul d\u2019entre eux n\u2019a pu \u00e9chapper \u00e0 son mutisme l\u00e9gendaire\u00a0\u00bb.<\/p>\n<p>Dipl\u00f4m\u00e9 de l\u2019\u00c9cole nationale d\u2019administration (Enam), option Diplomatie, et de l\u2019\u00c9cole sup\u00e9rieure des travaux publics (Estp), Ousmane Tanor Dieng a marqu\u00e9 aussi le Parti socialiste. Il a \u00e9t\u00e9 nomm\u00e9, en mars 1996, premier secr\u00e9taire de cette formation politique et secr\u00e9taire national aux relations internationales. Membre du bureau politique d\u00e8s 1988, il a \u00e9t\u00e9 sept ans plus tard, c\u2019est-\u00e0-dire en 1995, secr\u00e9taire g\u00e9n\u00e9ral de la coordination d\u00e9partementale de Mbour, de l\u2019union des coordinations de Mbour et de l\u2019union r\u00e9gionale de Thi\u00e8s.<\/p>\n<p>Quand le Parti socialiste a quitt\u00e9 le pouvoir en 2000, il est rest\u00e9 pour tenir le parti. C\u2019est ainsi qu\u2019il en a \u00e9t\u00e9 le candidat aux pr\u00e9sidentielles de 2007 et de 2012. D\u2019ailleurs en 2012, au second tour, il avait appel\u00e9 \u00e0 voter pour Macky Sall contre Abdoulaye Wade.<\/p>\n<p>En octobre 2016, Ousmane Tanor Dieng est nomm\u00e9 Pr\u00e9sident du Haut Conseil des collectivit\u00e9s territoriales. Ceux qui l\u2019ont connu et c\u00f4toy\u00e9 le d\u00e9crivent comme un homme sinc\u00e8re, honn\u00eate et loyal. \u00ab\u00a0Il n\u2019a jamais eu un \u00e9cart de comportement. On a chemin\u00e9 ensemble dans le respect et la consid\u00e9ration. Il avait pris l\u2019engagement de me soutenir dans ma mission. Il n\u2019a jamais failli \u00e0 ses engagements. Il a toujours \u00e9t\u00e9 loyal\u00a0\u00bb, t\u00e9moignait le Pr\u00e9sident de la R\u00e9publique Macky Sall pour dire que le d\u00e9funt \u00e9tait une personnalit\u00e9 politique \u00e0 cheval sur les principes r\u00e9publicains.<\/p>\n","protected":false},"excerpt":{"rendered":"<p>D\u00e9c\u00e9d\u00e9 le 15 juillet 2019 \u00e0 Bordeaux en France, Ousmane Tanor Dieng a \u00e9t\u00e9 un grand homme politique s\u00e9n\u00e9galais. Ce jeudi, sera c\u00e9l\u00e9br\u00e9 l\u2019an II&#8230;<\/p>\n","protected":false},"author":10,"featured_media":8306,"comment_status":"open","ping_status":"open","sticky":false,"template":"","format":"standard","meta":{"_coblocks_attr":"","_coblocks_dimensions":"","_coblocks_responsive_height":"","_coblocks_accordion_ie_support":"","_monsterinsights_skip_tracking":false,"_monsterinsights_sitenote_active":false,"_monsterinsights_sitenote_note":"","_monsterinsights_sitenote_category":0,"h5ap_radio_sources":[],"footnotes":""},"categories":[11],"tags":[],"class_list":["post-8305","post","type-post","status-publish","format-standard","has-post-thumbnail","hentry","category-societe","wpcat-11-id"],"yoast_head":"<!-- This site is optimized with the Yoast SEO plugin v27.5 - https:\/\/yoast.com\/product\/yoast-seo-wordpress\/ -->\n<title>15 Juillet 2019 - 15 Juillet 2021 Il Y&#039; A Deux Ans Disparaissait Ousmane Tanor Dieng - SUNUPOST<\/title>\n<meta name=\"robots\" content=\"index, follow, max-snippet:-1, max-image-preview:large, max-video-preview:-1\" \/>\n<link rel=\"canonical\" href=\"https:\/\/sunupost.com\/?p=8305\" \/>\n<meta property=\"og:locale\" content=\"fr_FR\" \/>\n<meta property=\"og:type\" content=\"article\" \/>\n<meta property=\"og:title\" content=\"15 Juillet 2019 - 15 Juillet 2021 Il Y&#039; A Deux Ans Disparaissait Ousmane Tanor Dieng - SUNUPOST\" \/>\n<meta property=\"og:description\" content=\"D\u00e9c\u00e9d\u00e9 le 15 juillet 2019 \u00e0 Bordeaux en France, Ousmane Tanor Dieng a \u00e9t\u00e9 un grand homme politique s\u00e9n\u00e9galais. Ce jeudi, sera c\u00e9l\u00e9br\u00e9 l\u2019an II...\" \/>\n<meta property=\"og:url\" content=\"https:\/\/sunupost.com\/?p=8305\" \/>\n<meta property=\"og:site_name\" content=\"SUNUPOST\" \/>\n<meta property=\"article:publisher\" content=\"https:\/\/web.facebook.com\/Sunupost-101026658237468\/\" \/>\n<meta property=\"article:published_time\" content=\"2021-07-15T10:52:23+00:00\" \/>\n<meta property=\"og:image\" content=\"https:\/\/secureservercdn.net\/198.71.233.69\/17w.044.myftpupload.com\/wp-content\/uploads\/2021\/07\/IMG_15072021_104930_631_x_340_pixel.jpg?time=1663114002\" \/>\n\t<meta property=\"og:image:width\" content=\"631\" \/>\n\t<meta property=\"og:image:height\" content=\"340\" \/>\n\t<meta property=\"og:image:type\" content=\"image\/jpeg\" \/>\n<meta name=\"author\" content=\"La R\u00e9daction\" \/>\n<meta name=\"twitter:card\" content=\"summary_large_image\" \/>\n<meta name=\"twitter:creator\" content=\"@sunupost\" \/>\n<meta name=\"twitter:site\" content=\"@sunupost\" \/>\n<meta name=\"twitter:label1\" content=\"\u00c9crit par\" \/>\n\t<meta name=\"twitter:data1\" content=\"La R\u00e9daction\" \/>\n\t<meta name=\"twitter:label2\" content=\"Dur\u00e9e de lecture estim\u00e9e\" \/>\n\t<meta name=\"twitter:data2\" content=\"3 minutes\" \/>\n<script type=\"application\/ld+json\" class=\"yoast-schema-graph\">{\"@context\":\"https:\\\/\\\/schema.org\",\"@graph\":[{\"@type\":\"Article\",\"@id\":\"https:\\\/\\\/sunupost.com\\\/?p=8305#article\",\"isPartOf\":{\"@id\":\"https:\\\/\\\/sunupost.com\\\/?p=8305\"},\"author\":{\"name\":\"La R\u00e9daction\",\"@id\":\"https:\\\/\\\/sunupost.com\\\/#\\\/schema\\\/person\\\/9c04c80a48c29cd2be004cf57947ebb0\"},\"headline\":\"15 Juillet 2019 &#8211; 15 Juillet 2021 Il Y&rsquo; A Deux Ans Disparaissait Ousmane Tanor Dieng\",\"datePublished\":\"2021-07-15T10:52:23+00:00\",\"mainEntityOfPage\":{\"@id\":\"https:\\\/\\\/sunupost.com\\\/?p=8305\"},\"wordCount\":670,\"commentCount\":207,\"publisher\":{\"@id\":\"https:\\\/\\\/sunupost.com\\\/#organization\"},\"image\":{\"@id\":\"https:\\\/\\\/sunupost.com\\\/?p=8305#primaryimage\"},\"thumbnailUrl\":\"https:\\\/\\\/sunupost.com\\\/wp-content\\\/uploads\\\/2021\\\/07\\\/IMG_15072021_104930_631_x_340_pixel.jpg\",\"articleSection\":[\"SOCIETE\"],\"inLanguage\":\"fr-FR\",\"potentialAction\":[{\"@type\":\"CommentAction\",\"name\":\"Comment\",\"target\":[\"https:\\\/\\\/sunupost.com\\\/?p=8305#respond\"]}]},{\"@type\":\"WebPage\",\"@id\":\"https:\\\/\\\/sunupost.com\\\/?p=8305\",\"url\":\"https:\\\/\\\/sunupost.com\\\/?p=8305\",\"name\":\"15 Juillet 2019 - 15 Juillet 2021 Il Y' A Deux Ans Disparaissait Ousmane Tanor Dieng - SUNUPOST\",\"isPartOf\":{\"@id\":\"https:\\\/\\\/sunupost.com\\\/#website\"},\"primaryImageOfPage\":{\"@id\":\"https:\\\/\\\/sunupost.com\\\/?p=8305#primaryimage\"},\"image\":{\"@id\":\"https:\\\/\\\/sunupost.com\\\/?p=8305#primaryimage\"},\"thumbnailUrl\":\"https:\\\/\\\/sunupost.com\\\/wp-content\\\/uploads\\\/2021\\\/07\\\/IMG_15072021_104930_631_x_340_pixel.jpg\",\"datePublished\":\"2021-07-15T10:52:23+00:00\",\"breadcrumb\":{\"@id\":\"https:\\\/\\\/sunupost.com\\\/?p=8305#breadcrumb\"},\"inLanguage\":\"fr-FR\",\"potentialAction\":[{\"@type\":\"ReadAction\",\"target\":[\"https:\\\/\\\/sunupost.com\\\/?p=8305\"]}]},{\"@type\":\"ImageObject\",\"inLanguage\":\"fr-FR\",\"@id\":\"https:\\\/\\\/sunupost.com\\\/?p=8305#primaryimage\",\"url\":\"https:\\\/\\\/sunupost.com\\\/wp-content\\\/uploads\\\/2021\\\/07\\\/IMG_15072021_104930_631_x_340_pixel.jpg\",\"contentUrl\":\"https:\\\/\\\/sunupost.com\\\/wp-content\\\/uploads\\\/2021\\\/07\\\/IMG_15072021_104930_631_x_340_pixel.jpg\",\"width\":631,\"height\":340},{\"@type\":\"BreadcrumbList\",\"@id\":\"https:\\\/\\\/sunupost.com\\\/?p=8305#breadcrumb\",\"itemListElement\":[{\"@type\":\"ListItem\",\"position\":1,\"name\":\"Home\",\"item\":\"https:\\\/\\\/sunupost.com\\\/\"},{\"@type\":\"ListItem\",\"position\":2,\"name\":\"15 Juillet 2019 &#8211; 15 Juillet 2021 Il Y&rsquo; A Deux Ans Disparaissait Ousmane Tanor Dieng\"}]},{\"@type\":\"WebSite\",\"@id\":\"https:\\\/\\\/sunupost.com\\\/#website\",\"url\":\"https:\\\/\\\/sunupost.com\\\/\",\"name\":\"SUNUPOST\",\"description\":\"Pens\u00e9e libre\",\"publisher\":{\"@id\":\"https:\\\/\\\/sunupost.com\\\/#organization\"},\"potentialAction\":[{\"@type\":\"SearchAction\",\"target\":{\"@type\":\"EntryPoint\",\"urlTemplate\":\"https:\\\/\\\/sunupost.com\\\/?s={search_term_string}\"},\"query-input\":{\"@type\":\"PropertyValueSpecification\",\"valueRequired\":true,\"valueName\":\"search_term_string\"}}],\"inLanguage\":\"fr-FR\"},{\"@type\":\"Organization\",\"@id\":\"https:\\\/\\\/sunupost.com\\\/#organization\",\"name\":\"SUNUPOST\",\"url\":\"https:\\\/\\\/sunupost.com\\\/\",\"logo\":{\"@type\":\"ImageObject\",\"inLanguage\":\"fr-FR\",\"@id\":\"https:\\\/\\\/sunupost.com\\\/#\\\/schema\\\/logo\\\/image\\\/\",\"url\":\"https:\\\/\\\/secureservercdn.net\\\/198.71.233.206\\\/17w.044.myftpupload.com\\\/wp-content\\\/uploads\\\/2020\\\/05\\\/Lancement.jpg?time=1639052812\",\"contentUrl\":\"https:\\\/\\\/secureservercdn.net\\\/198.71.233.206\\\/17w.044.myftpupload.com\\\/wp-content\\\/uploads\\\/2020\\\/05\\\/Lancement.jpg?time=1639052812\",\"width\":300,\"height\":100,\"caption\":\"SUNUPOST\"},\"image\":{\"@id\":\"https:\\\/\\\/sunupost.com\\\/#\\\/schema\\\/logo\\\/image\\\/\"},\"sameAs\":[\"https:\\\/\\\/web.facebook.com\\\/Sunupost-101026658237468\\\/\",\"https:\\\/\\\/x.com\\\/sunupost\",\"https:\\\/\\\/www.instagram.com\\\/sunupost\\\/\",\"https:\\\/\\\/www.youtube.com\\\/channel\\\/UCd7V7bCkLDOee8yr7CW4Dpw\"]},{\"@type\":\"Person\",\"@id\":\"https:\\\/\\\/sunupost.com\\\/#\\\/schema\\\/person\\\/9c04c80a48c29cd2be004cf57947ebb0\",\"name\":\"La R\u00e9daction\",\"image\":{\"@type\":\"ImageObject\",\"inLanguage\":\"fr-FR\",\"@id\":\"https:\\\/\\\/secure.gravatar.com\\\/avatar\\\/1dc7c1ffd136391c1a6d8806c3431e1a2dd9445015e3f66472e3c63e9c80807e?s=96&d=mm&r=g\",\"url\":\"https:\\\/\\\/secure.gravatar.com\\\/avatar\\\/1dc7c1ffd136391c1a6d8806c3431e1a2dd9445015e3f66472e3c63e9c80807e?s=96&d=mm&r=g\",\"contentUrl\":\"https:\\\/\\\/secure.gravatar.com\\\/avatar\\\/1dc7c1ffd136391c1a6d8806c3431e1a2dd9445015e3f66472e3c63e9c80807e?s=96&d=mm&r=g\",\"caption\":\"La R\u00e9daction\"},\"url\":\"https:\\\/\\\/sunupost.com\\\/?author=10\"}]}<\/script>\n<!-- \/ Yoast SEO plugin. -->","yoast_head_json":{"title":"15 Juillet 2019 - 15 Juillet 2021 Il Y' A Deux Ans Disparaissait Ousmane Tanor Dieng - SUNUPOST","robots":{"index":"index","follow":"follow","max-snippet":"max-snippet:-1","max-image-preview":"max-image-preview:large","max-video-preview":"max-video-preview:-1"},"canonical":"https:\/\/sunupost.com\/?p=8305","og_locale":"fr_FR","og_type":"article","og_title":"15 Juillet 2019 - 15 Juillet 2021 Il Y' A Deux Ans Disparaissait Ousmane Tanor Dieng - SUNUPOST","og_description":"D\u00e9c\u00e9d\u00e9 le 15 juillet 2019 \u00e0 Bordeaux en France, Ousmane Tanor Dieng a \u00e9t\u00e9 un grand homme politique s\u00e9n\u00e9galais. Ce jeudi, sera c\u00e9l\u00e9br\u00e9 l\u2019an II...","og_url":"https:\/\/sunupost.com\/?p=8305","og_site_name":"SUNUPOST","article_publisher":"https:\/\/web.facebook.com\/Sunupost-101026658237468\/","article_published_time":"2021-07-15T10:52:23+00:00","og_image":[{"width":631,"height":340,"url":"https:\/\/secureservercdn.net\/198.71.233.69\/17w.044.myftpupload.com\/wp-content\/uploads\/2021\/07\/IMG_15072021_104930_631_x_340_pixel.jpg?time=1663114002","type":"image\/jpeg"}],"author":"La R\u00e9daction","twitter_card":"summary_large_image","twitter_creator":"@sunupost","twitter_site":"@sunupost","twitter_misc":{"\u00c9crit par":"La R\u00e9daction","Dur\u00e9e de lecture estim\u00e9e":"3 minutes"},"schema":{"@context":"https:\/\/schema.org","@graph":[{"@type":"Article","@id":"https:\/\/sunupost.com\/?p=8305#article","isPartOf":{"@id":"https:\/\/sunupost.com\/?p=8305"},"author":{"name":"La R\u00e9daction","@id":"https:\/\/sunupost.com\/#\/schema\/person\/9c04c80a48c29cd2be004cf57947ebb0"},"headline":"15 Juillet 2019 &#8211; 15 Juillet 2021 Il Y&rsquo; A Deux Ans Disparaissait Ousmane Tanor Dieng","datePublished":"2021-07-15T10:52:23+00:00","mainEntityOfPage":{"@id":"https:\/\/sunupost.com\/?p=8305"},"wordCount":670,"commentCount":207,"publisher":{"@id":"https:\/\/sunupost.com\/#organization"},"image":{"@id":"https:\/\/sunupost.com\/?p=8305#primaryimage"},"thumbnailUrl":"https:\/\/sunupost.com\/wp-content\/uploads\/2021\/07\/IMG_15072021_104930_631_x_340_pixel.jpg","articleSection":["SOCIETE"],"inLanguage":"fr-FR","potentialAction":[{"@type":"CommentAction","name":"Comment","target":["https:\/\/sunupost.com\/?p=8305#respond"]}]},{"@type":"WebPage","@id":"https:\/\/sunupost.com\/?p=8305","url":"https:\/\/sunupost.com\/?p=8305","name":"15 Juillet 2019 - 15 Juillet 2021 Il Y' A Deux Ans Disparaissait Ousmane Tanor Dieng - SUNUPOST","isPartOf":{"@id":"https:\/\/sunupost.com\/#website"},"primaryImageOfPage":{"@id":"https:\/\/sunupost.com\/?p=8305#primaryimage"},"image":{"@id":"https:\/\/sunupost.com\/?p=8305#primaryimage"},"thumbnailUrl":"https:\/\/sunupost.com\/wp-content\/uploads\/2021\/07\/IMG_15072021_104930_631_x_340_pixel.jpg","datePublished":"2021-07-15T10:52:23+00:00","breadcrumb":{"@id":"https:\/\/sunupost.com\/?p=8305#breadcrumb"},"inLanguage":"fr-FR","potentialAction":[{"@type":"ReadAction","target":["https:\/\/sunupost.com\/?p=8305"]}]},{"@type":"ImageObject","inLanguage":"fr-FR","@id":"https:\/\/sunupost.com\/?p=8305#primaryimage","url":"https:\/\/sunupost.com\/wp-content\/uploads\/2021\/07\/IMG_15072021_104930_631_x_340_pixel.jpg","contentUrl":"https:\/\/sunupost.com\/wp-content\/uploads\/2021\/07\/IMG_15072021_104930_631_x_340_pixel.jpg","width":631,"height":340},{"@type":"BreadcrumbList","@id":"https:\/\/sunupost.com\/?p=8305#breadcrumb","itemListElement":[{"@type":"ListItem","position":1,"name":"Home","item":"https:\/\/sunupost.com\/"},{"@type":"ListItem","position":2,"name":"15 Juillet 2019 &#8211; 15 Juillet 2021 Il Y&rsquo; A Deux Ans Disparaissait Ousmane Tanor Dieng"}]},{"@type":"WebSite","@id":"https:\/\/sunupost.com\/#website","url":"https:\/\/sunupost.com\/","name":"SUNUPOST","description":"Pens\u00e9e libre","publisher":{"@id":"https:\/\/sunupost.com\/#organization"},"potentialAction":[{"@type":"SearchAction","target":{"@type":"EntryPoint","urlTemplate":"https:\/\/sunupost.com\/?s={search_term_string}"},"query-input":{"@type":"PropertyValueSpecification","valueRequired":true,"valueName":"search_term_string"}}],"inLanguage":"fr-FR"},{"@type":"Organization","@id":"https:\/\/sunupost.com\/#organization","name":"SUNUPOST","url":"https:\/\/sunupost.com\/","logo":{"@type":"ImageObject","inLanguage":"fr-FR","@id":"https:\/\/sunupost.com\/#\/schema\/logo\/image\/","url":"https:\/\/secureservercdn.net\/198.71.233.206\/17w.044.myftpupload.com\/wp-content\/uploads\/2020\/05\/Lancement.jpg?time=1639052812","contentUrl":"https:\/\/secureservercdn.net\/198.71.233.206\/17w.044.myftpupload.com\/wp-content\/uploads\/2020\/05\/Lancement.jpg?time=1639052812","width":300,"height":100,"caption":"SUNUPOST"},"image":{"@id":"https:\/\/sunupost.com\/#\/schema\/logo\/image\/"},"sameAs":["https:\/\/web.facebook.com\/Sunupost-101026658237468\/","https:\/\/x.com\/sunupost","https:\/\/www.instagram.com\/sunupost\/","https:\/\/www.youtube.com\/channel\/UCd7V7bCkLDOee8yr7CW4Dpw"]},{"@type":"Person","@id":"https:\/\/sunupost.com\/#\/schema\/person\/9c04c80a48c29cd2be004cf57947ebb0","name":"La R\u00e9daction","image":{"@type":"ImageObject","inLanguage":"fr-FR","@id":"https:\/\/secure.gravatar.com\/avatar\/1dc7c1ffd136391c1a6d8806c3431e1a2dd9445015e3f66472e3c63e9c80807e?s=96&d=mm&r=g","url":"https:\/\/secure.gravatar.com\/avatar\/1dc7c1ffd136391c1a6d8806c3431e1a2dd9445015e3f66472e3c63e9c80807e?s=96&d=mm&r=g","contentUrl":"https:\/\/secure.gravatar.com\/avatar\/1dc7c1ffd136391c1a6d8806c3431e1a2dd9445015e3f66472e3c63e9c80807e?s=96&d=mm&r=g","caption":"La R\u00e9daction"},"url":"https:\/\/sunupost.com\/?author=10"}]}},"_links":{"self":[{"href":"https:\/\/sunupost.com\/index.php?rest_route=\/wp\/v2\/posts\/8305","targetHints":{"allow":["GET"]}}],"collection":[{"href":"https:\/\/sunupost.com\/index.php?rest_route=\/wp\/v2\/posts"}],"about":[{"href":"https:\/\/sunupost.com\/index.php?rest_route=\/wp\/v2\/types\/post"}],"author":[{"embeddable":true,"href":"https:\/\/sunupost.com\/index.php?rest_route=\/wp\/v2\/users\/10"}],"replies":[{"embeddable":true,"href":"https:\/\/sunupost.com\/index.php?rest_route=%2Fwp%2Fv2%2Fcomments&post=8305"}],"version-history":[{"count":0,"href":"https:\/\/sunupost.com\/index.php?rest_route=\/wp\/v2\/posts\/8305\/revisions"}],"wp:featuredmedia":[{"embeddable":true,"href":"https:\/\/sunupost.com\/index.php?rest_route=\/wp\/v2\/media\/8306"}],"wp:attachment":[{"href":"https:\/\/sunupost.com\/index.php?rest_route=%2Fwp%2Fv2%2Fmedia&parent=8305"}],"wp:term":[{"taxonomy":"category","embeddable":true,"href":"https:\/\/sunupost.com\/index.php?rest_route=%2Fwp%2Fv2%2Fcategories&post=8305"},{"taxonomy":"post_tag","embeddable":true,"href":"https:\/\/sunupost.com\/index.php?rest_route=%2Fwp%2Fv2%2Ftags&post=8305"}],"curies":[{"name":"wp","href":"https:\/\/api.w.org\/{rel}","templated":true}]}}