{"id":8465,"date":"2021-08-03T11:06:41","date_gmt":"2021-08-03T11:06:41","guid":{"rendered":"https:\/\/sunupost.com\/?p=8465"},"modified":"2021-08-03T11:06:41","modified_gmt":"2021-08-03T11:06:41","slug":"mali-le-premier-ministre-devoile-le-calendrier-dun-retour-des-civils-au-pouvoir","status":"publish","type":"post","link":"https:\/\/sunupost.com\/?p=8465","title":{"rendered":"Mali : Le Premier Ministre D\u00e9voile Le Calendrier D&rsquo;un Retour Des Civils Au Pouvoir"},"content":{"rendered":"<p>Le Premier ministre de transition malien\u00a0Choguel Kokalla Ma\u00efga\u00a0a assur\u00e9 lundi que les \u00e9lections cens\u00e9es ramener les civils au pouvoir auraient lieu comme pr\u00e9vu en f\u00e9vrier-mars 2022.<\/p>\n<p>\u00ab\u00a0Le chronogramme (calendrier) des \u00e9lections g\u00e9n\u00e9rales a d\u00e9j\u00e0 \u00e9t\u00e9 publi\u00e9 en avril. Ce chronogramme sera maintenu\u00a0\u00bb, a-t-il dit dans des propos tenus devant le Conseil national de transition (CNT) et publi\u00e9s par ses services sur les r\u00e9seaux sociaux.<\/p>\n<p>Le doute persiste quant \u00e0 la facult\u00e9 des autorit\u00e9s \u00e0 tenir les \u00e9ch\u00e9ances dans les sept mois qui leur restent, tant les obstacles \u00e0 surmonter sont consid\u00e9rables dans ce pays en pleine tourmente depuis des ann\u00e9es. La propagation djihadiste et les violences de toutes sortes vont de pair avec de graves crises politique et sociale. Le Mali reste sur deux coups d&rsquo;Etat militaires en un an.<\/p>\n<p>Les colonels qui ont renvers\u00e9 le pr\u00e9sident Ibrahim Boubacar Ke\u00efta en ao\u00fbt 2020 se sont engag\u00e9s \u00e0 rendre le pouvoir aux civils dans un d\u00e9lai de 18 mois. Le premier gouvernement de transition qu&rsquo;ils ont install\u00e9 avait fix\u00e9 en avril au 27 f\u00e9vrier 2022 les premiers tours d&rsquo;une pr\u00e9sidentielle et de l\u00e9gislatives, et aux 13 et 20 mars respectivement d&rsquo;\u00e9ventuels seconds tours.<\/p>\n<p>Les militaires restent les ma\u00eetres du pouvoir dans l&rsquo;actuelle p\u00e9riode transitoire. Le colonel Assimi Go\u00efta, chef de la junte, a fait \u00e9carter le 24 mai le pr\u00e9sident et le Premier ministre de transition\u00a0avant de se faire d\u00e9clarer pr\u00e9sident\u00a0et de nommer un\u00a0nouveau chef de gouvernement en la personne de M. Ma\u00efga.<\/p>\n<p>Celui-ci r\u00e9pondait lundi aux questions des membres du Conseil national de transition, mis en place par les militaires et faisant office d&rsquo;organe l\u00e9gislatif, apr\u00e8s leur avoir pr\u00e9sent\u00e9 vendredi le plan d&rsquo;action de son gouvernement.<\/p>\n","protected":false},"excerpt":{"rendered":"<p>Le Premier ministre de transition malien\u00a0Choguel Kokalla Ma\u00efga\u00a0a assur\u00e9 lundi que les \u00e9lections cens\u00e9es ramener les civils au pouvoir auraient lieu comme pr\u00e9vu en f\u00e9vrier-mars&#8230;<\/p>\n","protected":false},"author":10,"featured_media":8466,"comment_status":"open","ping_status":"open","sticky":false,"template":"","format":"standard","meta":{"_coblocks_attr":"","_coblocks_dimensions":"","_coblocks_responsive_height":"","_coblocks_accordion_ie_support":"","_monsterinsights_skip_tracking":false,"_monsterinsights_sitenote_active":false,"_monsterinsights_sitenote_note":"","_monsterinsights_sitenote_category":0,"h5ap_radio_sources":[],"footnotes":""},"categories":[2],"tags":[],"class_list":["post-8465","post","type-post","status-publish","format-standard","has-post-thumbnail","hentry","category-international","wpcat-2-id"],"yoast_head":"<!-- This site is optimized with the Yoast SEO plugin v27.5 - https:\/\/yoast.com\/product\/yoast-seo-wordpress\/ -->\n<title>Mali : Le Premier Ministre D\u00e9voile Le Calendrier D&#039;un Retour Des Civils Au Pouvoir - SUNUPOST<\/title>\n<meta name=\"robots\" content=\"index, follow, max-snippet:-1, max-image-preview:large, max-video-preview:-1\" \/>\n<link rel=\"canonical\" href=\"https:\/\/sunupost.com\/?p=8465\" \/>\n<meta property=\"og:locale\" content=\"fr_FR\" \/>\n<meta property=\"og:type\" content=\"article\" \/>\n<meta property=\"og:title\" content=\"Mali : Le Premier Ministre D\u00e9voile Le Calendrier D&#039;un Retour Des Civils Au Pouvoir - SUNUPOST\" \/>\n<meta property=\"og:description\" content=\"Le Premier ministre de transition malien\u00a0Choguel Kokalla Ma\u00efga\u00a0a assur\u00e9 lundi que les \u00e9lections cens\u00e9es ramener les civils au pouvoir auraient lieu comme pr\u00e9vu en f\u00e9vrier-mars...\" \/>\n<meta property=\"og:url\" content=\"https:\/\/sunupost.com\/?p=8465\" \/>\n<meta property=\"og:site_name\" content=\"SUNUPOST\" \/>\n<meta property=\"article:publisher\" content=\"https:\/\/web.facebook.com\/Sunupost-101026658237468\/\" \/>\n<meta property=\"article:published_time\" content=\"2021-08-03T11:06:41+00:00\" \/>\n<meta property=\"og:image\" content=\"https:\/\/secureservercdn.net\/198.71.233.69\/17w.044.myftpupload.com\/wp-content\/uploads\/2021\/08\/IMG_03082021_105954_631_x_340_pixel.jpg?time=1663107151\" \/>\n\t<meta property=\"og:image:width\" content=\"631\" \/>\n\t<meta property=\"og:image:height\" content=\"340\" \/>\n\t<meta property=\"og:image:type\" content=\"image\/jpeg\" \/>\n<meta name=\"author\" content=\"La R\u00e9daction\" \/>\n<meta name=\"twitter:card\" content=\"summary_large_image\" \/>\n<meta name=\"twitter:creator\" content=\"@sunupost\" \/>\n<meta name=\"twitter:site\" content=\"@sunupost\" \/>\n<meta name=\"twitter:label1\" content=\"\u00c9crit par\" \/>\n\t<meta name=\"twitter:data1\" content=\"La R\u00e9daction\" \/>\n\t<meta name=\"twitter:label2\" content=\"Dur\u00e9e de lecture estim\u00e9e\" \/>\n\t<meta name=\"twitter:data2\" content=\"2 minutes\" \/>\n<script type=\"application\/ld+json\" class=\"yoast-schema-graph\">{\"@context\":\"https:\\\/\\\/schema.org\",\"@graph\":[{\"@type\":\"Article\",\"@id\":\"https:\\\/\\\/sunupost.com\\\/?p=8465#article\",\"isPartOf\":{\"@id\":\"https:\\\/\\\/sunupost.com\\\/?p=8465\"},\"author\":{\"name\":\"La R\u00e9daction\",\"@id\":\"https:\\\/\\\/sunupost.com\\\/#\\\/schema\\\/person\\\/9c04c80a48c29cd2be004cf57947ebb0\"},\"headline\":\"Mali : Le Premier Ministre D\u00e9voile Le Calendrier D&rsquo;un Retour Des Civils Au Pouvoir\",\"datePublished\":\"2021-08-03T11:06:41+00:00\",\"mainEntityOfPage\":{\"@id\":\"https:\\\/\\\/sunupost.com\\\/?p=8465\"},\"wordCount\":323,\"commentCount\":625,\"publisher\":{\"@id\":\"https:\\\/\\\/sunupost.com\\\/#organization\"},\"image\":{\"@id\":\"https:\\\/\\\/sunupost.com\\\/?p=8465#primaryimage\"},\"thumbnailUrl\":\"https:\\\/\\\/sunupost.com\\\/wp-content\\\/uploads\\\/2021\\\/08\\\/IMG_03082021_105954_631_x_340_pixel.jpg\",\"articleSection\":[\"INTERNATIONAL\"],\"inLanguage\":\"fr-FR\",\"potentialAction\":[{\"@type\":\"CommentAction\",\"name\":\"Comment\",\"target\":[\"https:\\\/\\\/sunupost.com\\\/?p=8465#respond\"]}]},{\"@type\":\"WebPage\",\"@id\":\"https:\\\/\\\/sunupost.com\\\/?p=8465\",\"url\":\"https:\\\/\\\/sunupost.com\\\/?p=8465\",\"name\":\"Mali : Le Premier Ministre D\u00e9voile Le Calendrier D'un Retour Des Civils Au Pouvoir - SUNUPOST\",\"isPartOf\":{\"@id\":\"https:\\\/\\\/sunupost.com\\\/#website\"},\"primaryImageOfPage\":{\"@id\":\"https:\\\/\\\/sunupost.com\\\/?p=8465#primaryimage\"},\"image\":{\"@id\":\"https:\\\/\\\/sunupost.com\\\/?p=8465#primaryimage\"},\"thumbnailUrl\":\"https:\\\/\\\/sunupost.com\\\/wp-content\\\/uploads\\\/2021\\\/08\\\/IMG_03082021_105954_631_x_340_pixel.jpg\",\"datePublished\":\"2021-08-03T11:06:41+00:00\",\"breadcrumb\":{\"@id\":\"https:\\\/\\\/sunupost.com\\\/?p=8465#breadcrumb\"},\"inLanguage\":\"fr-FR\",\"potentialAction\":[{\"@type\":\"ReadAction\",\"target\":[\"https:\\\/\\\/sunupost.com\\\/?p=8465\"]}]},{\"@type\":\"ImageObject\",\"inLanguage\":\"fr-FR\",\"@id\":\"https:\\\/\\\/sunupost.com\\\/?p=8465#primaryimage\",\"url\":\"https:\\\/\\\/sunupost.com\\\/wp-content\\\/uploads\\\/2021\\\/08\\\/IMG_03082021_105954_631_x_340_pixel.jpg\",\"contentUrl\":\"https:\\\/\\\/sunupost.com\\\/wp-content\\\/uploads\\\/2021\\\/08\\\/IMG_03082021_105954_631_x_340_pixel.jpg\",\"width\":631,\"height\":340},{\"@type\":\"BreadcrumbList\",\"@id\":\"https:\\\/\\\/sunupost.com\\\/?p=8465#breadcrumb\",\"itemListElement\":[{\"@type\":\"ListItem\",\"position\":1,\"name\":\"Home\",\"item\":\"https:\\\/\\\/sunupost.com\\\/\"},{\"@type\":\"ListItem\",\"position\":2,\"name\":\"Mali : Le Premier Ministre D\u00e9voile Le Calendrier D&rsquo;un Retour Des Civils Au Pouvoir\"}]},{\"@type\":\"WebSite\",\"@id\":\"https:\\\/\\\/sunupost.com\\\/#website\",\"url\":\"https:\\\/\\\/sunupost.com\\\/\",\"name\":\"SUNUPOST\",\"description\":\"Pens\u00e9e libre\",\"publisher\":{\"@id\":\"https:\\\/\\\/sunupost.com\\\/#organization\"},\"potentialAction\":[{\"@type\":\"SearchAction\",\"target\":{\"@type\":\"EntryPoint\",\"urlTemplate\":\"https:\\\/\\\/sunupost.com\\\/?s={search_term_string}\"},\"query-input\":{\"@type\":\"PropertyValueSpecification\",\"valueRequired\":true,\"valueName\":\"search_term_string\"}}],\"inLanguage\":\"fr-FR\"},{\"@type\":\"Organization\",\"@id\":\"https:\\\/\\\/sunupost.com\\\/#organization\",\"name\":\"SUNUPOST\",\"url\":\"https:\\\/\\\/sunupost.com\\\/\",\"logo\":{\"@type\":\"ImageObject\",\"inLanguage\":\"fr-FR\",\"@id\":\"https:\\\/\\\/sunupost.com\\\/#\\\/schema\\\/logo\\\/image\\\/\",\"url\":\"https:\\\/\\\/secureservercdn.net\\\/198.71.233.206\\\/17w.044.myftpupload.com\\\/wp-content\\\/uploads\\\/2020\\\/05\\\/Lancement.jpg?time=1639052812\",\"contentUrl\":\"https:\\\/\\\/secureservercdn.net\\\/198.71.233.206\\\/17w.044.myftpupload.com\\\/wp-content\\\/uploads\\\/2020\\\/05\\\/Lancement.jpg?time=1639052812\",\"width\":300,\"height\":100,\"caption\":\"SUNUPOST\"},\"image\":{\"@id\":\"https:\\\/\\\/sunupost.com\\\/#\\\/schema\\\/logo\\\/image\\\/\"},\"sameAs\":[\"https:\\\/\\\/web.facebook.com\\\/Sunupost-101026658237468\\\/\",\"https:\\\/\\\/x.com\\\/sunupost\",\"https:\\\/\\\/www.instagram.com\\\/sunupost\\\/\",\"https:\\\/\\\/www.youtube.com\\\/channel\\\/UCd7V7bCkLDOee8yr7CW4Dpw\"]},{\"@type\":\"Person\",\"@id\":\"https:\\\/\\\/sunupost.com\\\/#\\\/schema\\\/person\\\/9c04c80a48c29cd2be004cf57947ebb0\",\"name\":\"La R\u00e9daction\",\"image\":{\"@type\":\"ImageObject\",\"inLanguage\":\"fr-FR\",\"@id\":\"https:\\\/\\\/secure.gravatar.com\\\/avatar\\\/1dc7c1ffd136391c1a6d8806c3431e1a2dd9445015e3f66472e3c63e9c80807e?s=96&d=mm&r=g\",\"url\":\"https:\\\/\\\/secure.gravatar.com\\\/avatar\\\/1dc7c1ffd136391c1a6d8806c3431e1a2dd9445015e3f66472e3c63e9c80807e?s=96&d=mm&r=g\",\"contentUrl\":\"https:\\\/\\\/secure.gravatar.com\\\/avatar\\\/1dc7c1ffd136391c1a6d8806c3431e1a2dd9445015e3f66472e3c63e9c80807e?s=96&d=mm&r=g\",\"caption\":\"La R\u00e9daction\"},\"url\":\"https:\\\/\\\/sunupost.com\\\/?author=10\"}]}<\/script>\n<!-- \/ Yoast SEO plugin. -->","yoast_head_json":{"title":"Mali : Le Premier Ministre D\u00e9voile Le Calendrier D'un Retour Des Civils Au Pouvoir - SUNUPOST","robots":{"index":"index","follow":"follow","max-snippet":"max-snippet:-1","max-image-preview":"max-image-preview:large","max-video-preview":"max-video-preview:-1"},"canonical":"https:\/\/sunupost.com\/?p=8465","og_locale":"fr_FR","og_type":"article","og_title":"Mali : Le Premier Ministre D\u00e9voile Le Calendrier D'un Retour Des Civils Au Pouvoir - SUNUPOST","og_description":"Le Premier ministre de transition malien\u00a0Choguel Kokalla Ma\u00efga\u00a0a assur\u00e9 lundi que les \u00e9lections cens\u00e9es ramener les civils au pouvoir auraient lieu comme pr\u00e9vu en f\u00e9vrier-mars...","og_url":"https:\/\/sunupost.com\/?p=8465","og_site_name":"SUNUPOST","article_publisher":"https:\/\/web.facebook.com\/Sunupost-101026658237468\/","article_published_time":"2021-08-03T11:06:41+00:00","og_image":[{"width":631,"height":340,"url":"https:\/\/secureservercdn.net\/198.71.233.69\/17w.044.myftpupload.com\/wp-content\/uploads\/2021\/08\/IMG_03082021_105954_631_x_340_pixel.jpg?time=1663107151","type":"image\/jpeg"}],"author":"La R\u00e9daction","twitter_card":"summary_large_image","twitter_creator":"@sunupost","twitter_site":"@sunupost","twitter_misc":{"\u00c9crit par":"La R\u00e9daction","Dur\u00e9e de lecture estim\u00e9e":"2 minutes"},"schema":{"@context":"https:\/\/schema.org","@graph":[{"@type":"Article","@id":"https:\/\/sunupost.com\/?p=8465#article","isPartOf":{"@id":"https:\/\/sunupost.com\/?p=8465"},"author":{"name":"La R\u00e9daction","@id":"https:\/\/sunupost.com\/#\/schema\/person\/9c04c80a48c29cd2be004cf57947ebb0"},"headline":"Mali : Le Premier Ministre D\u00e9voile Le Calendrier D&rsquo;un Retour Des Civils Au Pouvoir","datePublished":"2021-08-03T11:06:41+00:00","mainEntityOfPage":{"@id":"https:\/\/sunupost.com\/?p=8465"},"wordCount":323,"commentCount":625,"publisher":{"@id":"https:\/\/sunupost.com\/#organization"},"image":{"@id":"https:\/\/sunupost.com\/?p=8465#primaryimage"},"thumbnailUrl":"https:\/\/sunupost.com\/wp-content\/uploads\/2021\/08\/IMG_03082021_105954_631_x_340_pixel.jpg","articleSection":["INTERNATIONAL"],"inLanguage":"fr-FR","potentialAction":[{"@type":"CommentAction","name":"Comment","target":["https:\/\/sunupost.com\/?p=8465#respond"]}]},{"@type":"WebPage","@id":"https:\/\/sunupost.com\/?p=8465","url":"https:\/\/sunupost.com\/?p=8465","name":"Mali : Le Premier Ministre D\u00e9voile Le Calendrier D'un Retour Des Civils Au Pouvoir - SUNUPOST","isPartOf":{"@id":"https:\/\/sunupost.com\/#website"},"primaryImageOfPage":{"@id":"https:\/\/sunupost.com\/?p=8465#primaryimage"},"image":{"@id":"https:\/\/sunupost.com\/?p=8465#primaryimage"},"thumbnailUrl":"https:\/\/sunupost.com\/wp-content\/uploads\/2021\/08\/IMG_03082021_105954_631_x_340_pixel.jpg","datePublished":"2021-08-03T11:06:41+00:00","breadcrumb":{"@id":"https:\/\/sunupost.com\/?p=8465#breadcrumb"},"inLanguage":"fr-FR","potentialAction":[{"@type":"ReadAction","target":["https:\/\/sunupost.com\/?p=8465"]}]},{"@type":"ImageObject","inLanguage":"fr-FR","@id":"https:\/\/sunupost.com\/?p=8465#primaryimage","url":"https:\/\/sunupost.com\/wp-content\/uploads\/2021\/08\/IMG_03082021_105954_631_x_340_pixel.jpg","contentUrl":"https:\/\/sunupost.com\/wp-content\/uploads\/2021\/08\/IMG_03082021_105954_631_x_340_pixel.jpg","width":631,"height":340},{"@type":"BreadcrumbList","@id":"https:\/\/sunupost.com\/?p=8465#breadcrumb","itemListElement":[{"@type":"ListItem","position":1,"name":"Home","item":"https:\/\/sunupost.com\/"},{"@type":"ListItem","position":2,"name":"Mali : Le Premier Ministre D\u00e9voile Le Calendrier D&rsquo;un Retour Des Civils Au Pouvoir"}]},{"@type":"WebSite","@id":"https:\/\/sunupost.com\/#website","url":"https:\/\/sunupost.com\/","name":"SUNUPOST","description":"Pens\u00e9e libre","publisher":{"@id":"https:\/\/sunupost.com\/#organization"},"potentialAction":[{"@type":"SearchAction","target":{"@type":"EntryPoint","urlTemplate":"https:\/\/sunupost.com\/?s={search_term_string}"},"query-input":{"@type":"PropertyValueSpecification","valueRequired":true,"valueName":"search_term_string"}}],"inLanguage":"fr-FR"},{"@type":"Organization","@id":"https:\/\/sunupost.com\/#organization","name":"SUNUPOST","url":"https:\/\/sunupost.com\/","logo":{"@type":"ImageObject","inLanguage":"fr-FR","@id":"https:\/\/sunupost.com\/#\/schema\/logo\/image\/","url":"https:\/\/secureservercdn.net\/198.71.233.206\/17w.044.myftpupload.com\/wp-content\/uploads\/2020\/05\/Lancement.jpg?time=1639052812","contentUrl":"https:\/\/secureservercdn.net\/198.71.233.206\/17w.044.myftpupload.com\/wp-content\/uploads\/2020\/05\/Lancement.jpg?time=1639052812","width":300,"height":100,"caption":"SUNUPOST"},"image":{"@id":"https:\/\/sunupost.com\/#\/schema\/logo\/image\/"},"sameAs":["https:\/\/web.facebook.com\/Sunupost-101026658237468\/","https:\/\/x.com\/sunupost","https:\/\/www.instagram.com\/sunupost\/","https:\/\/www.youtube.com\/channel\/UCd7V7bCkLDOee8yr7CW4Dpw"]},{"@type":"Person","@id":"https:\/\/sunupost.com\/#\/schema\/person\/9c04c80a48c29cd2be004cf57947ebb0","name":"La R\u00e9daction","image":{"@type":"ImageObject","inLanguage":"fr-FR","@id":"https:\/\/secure.gravatar.com\/avatar\/1dc7c1ffd136391c1a6d8806c3431e1a2dd9445015e3f66472e3c63e9c80807e?s=96&d=mm&r=g","url":"https:\/\/secure.gravatar.com\/avatar\/1dc7c1ffd136391c1a6d8806c3431e1a2dd9445015e3f66472e3c63e9c80807e?s=96&d=mm&r=g","contentUrl":"https:\/\/secure.gravatar.com\/avatar\/1dc7c1ffd136391c1a6d8806c3431e1a2dd9445015e3f66472e3c63e9c80807e?s=96&d=mm&r=g","caption":"La R\u00e9daction"},"url":"https:\/\/sunupost.com\/?author=10"}]}},"_links":{"self":[{"href":"https:\/\/sunupost.com\/index.php?rest_route=\/wp\/v2\/posts\/8465","targetHints":{"allow":["GET"]}}],"collection":[{"href":"https:\/\/sunupost.com\/index.php?rest_route=\/wp\/v2\/posts"}],"about":[{"href":"https:\/\/sunupost.com\/index.php?rest_route=\/wp\/v2\/types\/post"}],"author":[{"embeddable":true,"href":"https:\/\/sunupost.com\/index.php?rest_route=\/wp\/v2\/users\/10"}],"replies":[{"embeddable":true,"href":"https:\/\/sunupost.com\/index.php?rest_route=%2Fwp%2Fv2%2Fcomments&post=8465"}],"version-history":[{"count":0,"href":"https:\/\/sunupost.com\/index.php?rest_route=\/wp\/v2\/posts\/8465\/revisions"}],"wp:featuredmedia":[{"embeddable":true,"href":"https:\/\/sunupost.com\/index.php?rest_route=\/wp\/v2\/media\/8466"}],"wp:attachment":[{"href":"https:\/\/sunupost.com\/index.php?rest_route=%2Fwp%2Fv2%2Fmedia&parent=8465"}],"wp:term":[{"taxonomy":"category","embeddable":true,"href":"https:\/\/sunupost.com\/index.php?rest_route=%2Fwp%2Fv2%2Fcategories&post=8465"},{"taxonomy":"post_tag","embeddable":true,"href":"https:\/\/sunupost.com\/index.php?rest_route=%2Fwp%2Fv2%2Ftags&post=8465"}],"curies":[{"name":"wp","href":"https:\/\/api.w.org\/{rel}","templated":true}]}}