{"id":8676,"date":"2021-08-22T18:10:58","date_gmt":"2021-08-22T18:10:58","guid":{"rendered":"https:\/\/sunupost.com\/?p=8676"},"modified":"2021-08-22T18:10:58","modified_gmt":"2021-08-22T18:10:58","slug":"thies-elections-locales-declaration-de-presse-de-la-coalition-de-lopposition","status":"publish","type":"post","link":"https:\/\/sunupost.com\/?p=8676","title":{"rendered":"Thies : \u00c9lections Locales D\u00e9claration De Presse De La Coalition De L\u2019Opposition"},"content":{"rendered":"<p>En Pr\u00e9lude des \u00e9lections locales du 23 janvier 2021, la Coalition de l&rsquo;opposition du d\u00e9partement de Thies s&rsquo;est r\u00e9unie au Centre Daniel Brothier de la cit\u00e9 du rails.<\/p>\n<p>Depuis d\u00e9cembre, des partis politiques, mouvements et organisations de la soci\u00e9t\u00e9 civile, des citoyens ont d\u00e9cid\u00e9 de se mettre en coalition pour prendre part aux \u00e9lections locales du 23 janvier 2022. Cette d\u00e9cision a \u00e9t\u00e9 motiv\u00e9e par le constat qu\u2019ils ont fait et la conviction qu\u2019ils ont, \u00e0 savoir que l\u2019heure a sonn\u00e9 pour que la gouvernance de la cit\u00e9 dans le d\u00e9partement de Thi\u00e8s prenne un nouveau virage et un nouvel \u00e9lan avec le renouvellement des \u00e9quipes dirigeantes.<\/p>\n<p>Ils ont travaill\u00e9 sans rel\u00e2che pour s\u2019accorder sur beaucoup de choses mais surtout sur la n\u00e9cessit\u00e9 d\u2019aller ensemble pour briguer les suffrages des Thiessois. Ainsi donc ce grand ensemble pr\u00e9sentera des listes pour les \u00e9lections dans l\u2019ensemble des collectivit\u00e9s territoriales du d\u00e9partement de Thi\u00e8s. A cet effet, un document de base et un code de conduite ont \u00e9t\u00e9 \u00e9labor\u00e9s. Les organisations et individualit\u00e9s membres de la coalition ont aussi sign\u00e9 un engagement \u00e9crit dont les signataires sont le PDS, Taxawou S\u00e9n\u00e9gal, Bokk Gis-gis, R\u00e9publique des Valeurs, Jub T\u00eb Jub\u00ebl, MSET, FSD\/BJ, APDR, GPNR, LD\/Debout, AGIR, ACT, Geum Sa Bopp, Label-S\u00e9n\u00e9gal, Taxaw Temm, Ind\u00e9pendants soit quinze parties et mouvements politiques.<\/p>\n<p>Cette assembl\u00e9e g\u00e9n\u00e9rale de la coalition de l&rsquo;opposition de Thies \u00e9tait convoqu\u00e9 pour mettre en place les structures afin de pouvoir d\u00e9marrer les activit\u00e9s qui m\u00e8neront \u00e0 la victoire finale de l&rsquo;opposition au soir du 23 janvier 2022.<\/p>\n<p>Au terme de cette assembl\u00e9e une d\u00e9cisions \u00e0 \u00e9t\u00e9 prise et ont permis de mettre en place les organes suivants ont \u00e9t\u00e9 mis en place :<br \/>\n&#8211; Le comit\u00e9 de pilotage<br \/>\n&#8211; La direction strat\u00e9gique<br \/>\n&#8211; Comit\u00e9 de r\u00e8glement\u00e9des conflits<br \/>\nLes commissions suivantes :<br \/>\n&#8211; Commission Finances<br \/>\n&#8211; Commission Communication<br \/>\n&#8211; Commission Organisation<br \/>\n&#8211; Commission \u00e9lectorale<br \/>\nFait \u00e0 Thi\u00e8s le 21 ao\u00fbt 2021<br \/>\nOnt sign\u00e9 les organisations et<\/p>\n<p>ind\u00e9pendants suivants :<\/p>\n<p>1. PDS<br \/>\n2. Taxawou S\u00e9n\u00e9gal<br \/>\n3. Bokk Gis-gis<br \/>\n4. R\u00e9publique des Valeurs<br \/>\n5. Jub T\u00eb Jub\u00ebl<br \/>\n6. MSET<br \/>\n7. FSD\/BJ<br \/>\n8. APDR<br \/>\n9. GPNR<br \/>\n10. LD\/Debout<br \/>\n11. AGIR<br \/>\n12. ACT<br \/>\n13. Geum Sa Bopp<br \/>\n14. Label-S\u00e9n\u00e9gal<br \/>\n15. Taxaw Temm<br \/>\n16. Ind\u00e9pendants<\/p>\n","protected":false},"excerpt":{"rendered":"<p>En Pr\u00e9lude des \u00e9lections locales du 23 janvier 2021, la Coalition de l&rsquo;opposition du d\u00e9partement de Thies s&rsquo;est r\u00e9unie au Centre Daniel Brothier de la&#8230;<\/p>\n","protected":false},"author":10,"featured_media":8677,"comment_status":"open","ping_status":"open","sticky":false,"template":"","format":"standard","meta":{"_coblocks_attr":"","_coblocks_dimensions":"","_coblocks_responsive_height":"","_coblocks_accordion_ie_support":"","_monsterinsights_skip_tracking":false,"_monsterinsights_sitenote_active":false,"_monsterinsights_sitenote_note":"","_monsterinsights_sitenote_category":0,"h5ap_radio_sources":[],"footnotes":""},"categories":[6],"tags":[],"class_list":["post-8676","post","type-post","status-publish","format-standard","has-post-thumbnail","hentry","category-politique","wpcat-6-id"],"yoast_head":"<!-- This site is optimized with the Yoast SEO plugin v27.5 - https:\/\/yoast.com\/product\/yoast-seo-wordpress\/ -->\n<title>Thies : \u00c9lections Locales D\u00e9claration De Presse De La Coalition De L\u2019Opposition - SUNUPOST<\/title>\n<meta name=\"robots\" content=\"index, follow, max-snippet:-1, max-image-preview:large, max-video-preview:-1\" \/>\n<link rel=\"canonical\" href=\"https:\/\/sunupost.com\/?p=8676\" \/>\n<meta property=\"og:locale\" content=\"fr_FR\" \/>\n<meta property=\"og:type\" content=\"article\" \/>\n<meta property=\"og:title\" content=\"Thies : \u00c9lections Locales D\u00e9claration De Presse De La Coalition De L\u2019Opposition - SUNUPOST\" \/>\n<meta property=\"og:description\" content=\"En Pr\u00e9lude des \u00e9lections locales du 23 janvier 2021, la Coalition de l&rsquo;opposition du d\u00e9partement de Thies s&rsquo;est r\u00e9unie au Centre Daniel Brothier de la...\" \/>\n<meta property=\"og:url\" content=\"https:\/\/sunupost.com\/?p=8676\" \/>\n<meta property=\"og:site_name\" content=\"SUNUPOST\" \/>\n<meta property=\"article:publisher\" content=\"https:\/\/web.facebook.com\/Sunupost-101026658237468\/\" \/>\n<meta property=\"article:published_time\" content=\"2021-08-22T18:10:58+00:00\" \/>\n<meta property=\"og:image\" content=\"https:\/\/secureservercdn.net\/198.71.233.69\/17w.044.myftpupload.com\/wp-content\/uploads\/2021\/08\/IMG_22082021_180507_631_x_340_pixel.jpg?time=1663147569\" \/>\n\t<meta property=\"og:image:width\" content=\"631\" \/>\n\t<meta property=\"og:image:height\" content=\"340\" \/>\n\t<meta property=\"og:image:type\" content=\"image\/jpeg\" \/>\n<meta name=\"author\" content=\"La R\u00e9daction\" \/>\n<meta name=\"twitter:card\" content=\"summary_large_image\" \/>\n<meta name=\"twitter:creator\" content=\"@sunupost\" \/>\n<meta name=\"twitter:site\" content=\"@sunupost\" \/>\n<meta name=\"twitter:label1\" content=\"\u00c9crit par\" \/>\n\t<meta name=\"twitter:data1\" content=\"La R\u00e9daction\" \/>\n\t<meta name=\"twitter:label2\" content=\"Dur\u00e9e de lecture estim\u00e9e\" \/>\n\t<meta name=\"twitter:data2\" content=\"2 minutes\" \/>\n<script type=\"application\/ld+json\" class=\"yoast-schema-graph\">{\"@context\":\"https:\\\/\\\/schema.org\",\"@graph\":[{\"@type\":\"Article\",\"@id\":\"https:\\\/\\\/sunupost.com\\\/?p=8676#article\",\"isPartOf\":{\"@id\":\"https:\\\/\\\/sunupost.com\\\/?p=8676\"},\"author\":{\"name\":\"La R\u00e9daction\",\"@id\":\"https:\\\/\\\/sunupost.com\\\/#\\\/schema\\\/person\\\/9c04c80a48c29cd2be004cf57947ebb0\"},\"headline\":\"Thies : \u00c9lections Locales D\u00e9claration De Presse De La Coalition De L\u2019Opposition\",\"datePublished\":\"2021-08-22T18:10:58+00:00\",\"mainEntityOfPage\":{\"@id\":\"https:\\\/\\\/sunupost.com\\\/?p=8676\"},\"wordCount\":408,\"commentCount\":424,\"publisher\":{\"@id\":\"https:\\\/\\\/sunupost.com\\\/#organization\"},\"image\":{\"@id\":\"https:\\\/\\\/sunupost.com\\\/?p=8676#primaryimage\"},\"thumbnailUrl\":\"https:\\\/\\\/sunupost.com\\\/wp-content\\\/uploads\\\/2021\\\/08\\\/IMG_22082021_180507_631_x_340_pixel.jpg\",\"articleSection\":[\"POLITIQUE\"],\"inLanguage\":\"fr-FR\",\"potentialAction\":[{\"@type\":\"CommentAction\",\"name\":\"Comment\",\"target\":[\"https:\\\/\\\/sunupost.com\\\/?p=8676#respond\"]}]},{\"@type\":\"WebPage\",\"@id\":\"https:\\\/\\\/sunupost.com\\\/?p=8676\",\"url\":\"https:\\\/\\\/sunupost.com\\\/?p=8676\",\"name\":\"Thies : \u00c9lections Locales D\u00e9claration De Presse De La Coalition De L\u2019Opposition - SUNUPOST\",\"isPartOf\":{\"@id\":\"https:\\\/\\\/sunupost.com\\\/#website\"},\"primaryImageOfPage\":{\"@id\":\"https:\\\/\\\/sunupost.com\\\/?p=8676#primaryimage\"},\"image\":{\"@id\":\"https:\\\/\\\/sunupost.com\\\/?p=8676#primaryimage\"},\"thumbnailUrl\":\"https:\\\/\\\/sunupost.com\\\/wp-content\\\/uploads\\\/2021\\\/08\\\/IMG_22082021_180507_631_x_340_pixel.jpg\",\"datePublished\":\"2021-08-22T18:10:58+00:00\",\"breadcrumb\":{\"@id\":\"https:\\\/\\\/sunupost.com\\\/?p=8676#breadcrumb\"},\"inLanguage\":\"fr-FR\",\"potentialAction\":[{\"@type\":\"ReadAction\",\"target\":[\"https:\\\/\\\/sunupost.com\\\/?p=8676\"]}]},{\"@type\":\"ImageObject\",\"inLanguage\":\"fr-FR\",\"@id\":\"https:\\\/\\\/sunupost.com\\\/?p=8676#primaryimage\",\"url\":\"https:\\\/\\\/sunupost.com\\\/wp-content\\\/uploads\\\/2021\\\/08\\\/IMG_22082021_180507_631_x_340_pixel.jpg\",\"contentUrl\":\"https:\\\/\\\/sunupost.com\\\/wp-content\\\/uploads\\\/2021\\\/08\\\/IMG_22082021_180507_631_x_340_pixel.jpg\",\"width\":631,\"height\":340},{\"@type\":\"BreadcrumbList\",\"@id\":\"https:\\\/\\\/sunupost.com\\\/?p=8676#breadcrumb\",\"itemListElement\":[{\"@type\":\"ListItem\",\"position\":1,\"name\":\"Home\",\"item\":\"https:\\\/\\\/sunupost.com\\\/\"},{\"@type\":\"ListItem\",\"position\":2,\"name\":\"Thies : \u00c9lections Locales D\u00e9claration De Presse De La Coalition De L\u2019Opposition\"}]},{\"@type\":\"WebSite\",\"@id\":\"https:\\\/\\\/sunupost.com\\\/#website\",\"url\":\"https:\\\/\\\/sunupost.com\\\/\",\"name\":\"SUNUPOST\",\"description\":\"Pens\u00e9e libre\",\"publisher\":{\"@id\":\"https:\\\/\\\/sunupost.com\\\/#organization\"},\"potentialAction\":[{\"@type\":\"SearchAction\",\"target\":{\"@type\":\"EntryPoint\",\"urlTemplate\":\"https:\\\/\\\/sunupost.com\\\/?s={search_term_string}\"},\"query-input\":{\"@type\":\"PropertyValueSpecification\",\"valueRequired\":true,\"valueName\":\"search_term_string\"}}],\"inLanguage\":\"fr-FR\"},{\"@type\":\"Organization\",\"@id\":\"https:\\\/\\\/sunupost.com\\\/#organization\",\"name\":\"SUNUPOST\",\"url\":\"https:\\\/\\\/sunupost.com\\\/\",\"logo\":{\"@type\":\"ImageObject\",\"inLanguage\":\"fr-FR\",\"@id\":\"https:\\\/\\\/sunupost.com\\\/#\\\/schema\\\/logo\\\/image\\\/\",\"url\":\"https:\\\/\\\/secureservercdn.net\\\/198.71.233.206\\\/17w.044.myftpupload.com\\\/wp-content\\\/uploads\\\/2020\\\/05\\\/Lancement.jpg?time=1639052812\",\"contentUrl\":\"https:\\\/\\\/secureservercdn.net\\\/198.71.233.206\\\/17w.044.myftpupload.com\\\/wp-content\\\/uploads\\\/2020\\\/05\\\/Lancement.jpg?time=1639052812\",\"width\":300,\"height\":100,\"caption\":\"SUNUPOST\"},\"image\":{\"@id\":\"https:\\\/\\\/sunupost.com\\\/#\\\/schema\\\/logo\\\/image\\\/\"},\"sameAs\":[\"https:\\\/\\\/web.facebook.com\\\/Sunupost-101026658237468\\\/\",\"https:\\\/\\\/x.com\\\/sunupost\",\"https:\\\/\\\/www.instagram.com\\\/sunupost\\\/\",\"https:\\\/\\\/www.youtube.com\\\/channel\\\/UCd7V7bCkLDOee8yr7CW4Dpw\"]},{\"@type\":\"Person\",\"@id\":\"https:\\\/\\\/sunupost.com\\\/#\\\/schema\\\/person\\\/9c04c80a48c29cd2be004cf57947ebb0\",\"name\":\"La R\u00e9daction\",\"image\":{\"@type\":\"ImageObject\",\"inLanguage\":\"fr-FR\",\"@id\":\"https:\\\/\\\/secure.gravatar.com\\\/avatar\\\/1dc7c1ffd136391c1a6d8806c3431e1a2dd9445015e3f66472e3c63e9c80807e?s=96&d=mm&r=g\",\"url\":\"https:\\\/\\\/secure.gravatar.com\\\/avatar\\\/1dc7c1ffd136391c1a6d8806c3431e1a2dd9445015e3f66472e3c63e9c80807e?s=96&d=mm&r=g\",\"contentUrl\":\"https:\\\/\\\/secure.gravatar.com\\\/avatar\\\/1dc7c1ffd136391c1a6d8806c3431e1a2dd9445015e3f66472e3c63e9c80807e?s=96&d=mm&r=g\",\"caption\":\"La R\u00e9daction\"},\"url\":\"https:\\\/\\\/sunupost.com\\\/?author=10\"}]}<\/script>\n<!-- \/ Yoast SEO plugin. -->","yoast_head_json":{"title":"Thies : \u00c9lections Locales D\u00e9claration De Presse De La Coalition De L\u2019Opposition - SUNUPOST","robots":{"index":"index","follow":"follow","max-snippet":"max-snippet:-1","max-image-preview":"max-image-preview:large","max-video-preview":"max-video-preview:-1"},"canonical":"https:\/\/sunupost.com\/?p=8676","og_locale":"fr_FR","og_type":"article","og_title":"Thies : \u00c9lections Locales D\u00e9claration De Presse De La Coalition De L\u2019Opposition - SUNUPOST","og_description":"En Pr\u00e9lude des \u00e9lections locales du 23 janvier 2021, la Coalition de l&rsquo;opposition du d\u00e9partement de Thies s&rsquo;est r\u00e9unie au Centre Daniel Brothier de la...","og_url":"https:\/\/sunupost.com\/?p=8676","og_site_name":"SUNUPOST","article_publisher":"https:\/\/web.facebook.com\/Sunupost-101026658237468\/","article_published_time":"2021-08-22T18:10:58+00:00","og_image":[{"width":631,"height":340,"url":"https:\/\/secureservercdn.net\/198.71.233.69\/17w.044.myftpupload.com\/wp-content\/uploads\/2021\/08\/IMG_22082021_180507_631_x_340_pixel.jpg?time=1663147569","type":"image\/jpeg"}],"author":"La R\u00e9daction","twitter_card":"summary_large_image","twitter_creator":"@sunupost","twitter_site":"@sunupost","twitter_misc":{"\u00c9crit par":"La R\u00e9daction","Dur\u00e9e de lecture estim\u00e9e":"2 minutes"},"schema":{"@context":"https:\/\/schema.org","@graph":[{"@type":"Article","@id":"https:\/\/sunupost.com\/?p=8676#article","isPartOf":{"@id":"https:\/\/sunupost.com\/?p=8676"},"author":{"name":"La R\u00e9daction","@id":"https:\/\/sunupost.com\/#\/schema\/person\/9c04c80a48c29cd2be004cf57947ebb0"},"headline":"Thies : \u00c9lections Locales D\u00e9claration De Presse De La Coalition De L\u2019Opposition","datePublished":"2021-08-22T18:10:58+00:00","mainEntityOfPage":{"@id":"https:\/\/sunupost.com\/?p=8676"},"wordCount":408,"commentCount":424,"publisher":{"@id":"https:\/\/sunupost.com\/#organization"},"image":{"@id":"https:\/\/sunupost.com\/?p=8676#primaryimage"},"thumbnailUrl":"https:\/\/sunupost.com\/wp-content\/uploads\/2021\/08\/IMG_22082021_180507_631_x_340_pixel.jpg","articleSection":["POLITIQUE"],"inLanguage":"fr-FR","potentialAction":[{"@type":"CommentAction","name":"Comment","target":["https:\/\/sunupost.com\/?p=8676#respond"]}]},{"@type":"WebPage","@id":"https:\/\/sunupost.com\/?p=8676","url":"https:\/\/sunupost.com\/?p=8676","name":"Thies : \u00c9lections Locales D\u00e9claration De Presse De La Coalition De L\u2019Opposition - SUNUPOST","isPartOf":{"@id":"https:\/\/sunupost.com\/#website"},"primaryImageOfPage":{"@id":"https:\/\/sunupost.com\/?p=8676#primaryimage"},"image":{"@id":"https:\/\/sunupost.com\/?p=8676#primaryimage"},"thumbnailUrl":"https:\/\/sunupost.com\/wp-content\/uploads\/2021\/08\/IMG_22082021_180507_631_x_340_pixel.jpg","datePublished":"2021-08-22T18:10:58+00:00","breadcrumb":{"@id":"https:\/\/sunupost.com\/?p=8676#breadcrumb"},"inLanguage":"fr-FR","potentialAction":[{"@type":"ReadAction","target":["https:\/\/sunupost.com\/?p=8676"]}]},{"@type":"ImageObject","inLanguage":"fr-FR","@id":"https:\/\/sunupost.com\/?p=8676#primaryimage","url":"https:\/\/sunupost.com\/wp-content\/uploads\/2021\/08\/IMG_22082021_180507_631_x_340_pixel.jpg","contentUrl":"https:\/\/sunupost.com\/wp-content\/uploads\/2021\/08\/IMG_22082021_180507_631_x_340_pixel.jpg","width":631,"height":340},{"@type":"BreadcrumbList","@id":"https:\/\/sunupost.com\/?p=8676#breadcrumb","itemListElement":[{"@type":"ListItem","position":1,"name":"Home","item":"https:\/\/sunupost.com\/"},{"@type":"ListItem","position":2,"name":"Thies : \u00c9lections Locales D\u00e9claration De Presse De La Coalition De L\u2019Opposition"}]},{"@type":"WebSite","@id":"https:\/\/sunupost.com\/#website","url":"https:\/\/sunupost.com\/","name":"SUNUPOST","description":"Pens\u00e9e libre","publisher":{"@id":"https:\/\/sunupost.com\/#organization"},"potentialAction":[{"@type":"SearchAction","target":{"@type":"EntryPoint","urlTemplate":"https:\/\/sunupost.com\/?s={search_term_string}"},"query-input":{"@type":"PropertyValueSpecification","valueRequired":true,"valueName":"search_term_string"}}],"inLanguage":"fr-FR"},{"@type":"Organization","@id":"https:\/\/sunupost.com\/#organization","name":"SUNUPOST","url":"https:\/\/sunupost.com\/","logo":{"@type":"ImageObject","inLanguage":"fr-FR","@id":"https:\/\/sunupost.com\/#\/schema\/logo\/image\/","url":"https:\/\/secureservercdn.net\/198.71.233.206\/17w.044.myftpupload.com\/wp-content\/uploads\/2020\/05\/Lancement.jpg?time=1639052812","contentUrl":"https:\/\/secureservercdn.net\/198.71.233.206\/17w.044.myftpupload.com\/wp-content\/uploads\/2020\/05\/Lancement.jpg?time=1639052812","width":300,"height":100,"caption":"SUNUPOST"},"image":{"@id":"https:\/\/sunupost.com\/#\/schema\/logo\/image\/"},"sameAs":["https:\/\/web.facebook.com\/Sunupost-101026658237468\/","https:\/\/x.com\/sunupost","https:\/\/www.instagram.com\/sunupost\/","https:\/\/www.youtube.com\/channel\/UCd7V7bCkLDOee8yr7CW4Dpw"]},{"@type":"Person","@id":"https:\/\/sunupost.com\/#\/schema\/person\/9c04c80a48c29cd2be004cf57947ebb0","name":"La R\u00e9daction","image":{"@type":"ImageObject","inLanguage":"fr-FR","@id":"https:\/\/secure.gravatar.com\/avatar\/1dc7c1ffd136391c1a6d8806c3431e1a2dd9445015e3f66472e3c63e9c80807e?s=96&d=mm&r=g","url":"https:\/\/secure.gravatar.com\/avatar\/1dc7c1ffd136391c1a6d8806c3431e1a2dd9445015e3f66472e3c63e9c80807e?s=96&d=mm&r=g","contentUrl":"https:\/\/secure.gravatar.com\/avatar\/1dc7c1ffd136391c1a6d8806c3431e1a2dd9445015e3f66472e3c63e9c80807e?s=96&d=mm&r=g","caption":"La R\u00e9daction"},"url":"https:\/\/sunupost.com\/?author=10"}]}},"_links":{"self":[{"href":"https:\/\/sunupost.com\/index.php?rest_route=\/wp\/v2\/posts\/8676","targetHints":{"allow":["GET"]}}],"collection":[{"href":"https:\/\/sunupost.com\/index.php?rest_route=\/wp\/v2\/posts"}],"about":[{"href":"https:\/\/sunupost.com\/index.php?rest_route=\/wp\/v2\/types\/post"}],"author":[{"embeddable":true,"href":"https:\/\/sunupost.com\/index.php?rest_route=\/wp\/v2\/users\/10"}],"replies":[{"embeddable":true,"href":"https:\/\/sunupost.com\/index.php?rest_route=%2Fwp%2Fv2%2Fcomments&post=8676"}],"version-history":[{"count":0,"href":"https:\/\/sunupost.com\/index.php?rest_route=\/wp\/v2\/posts\/8676\/revisions"}],"wp:featuredmedia":[{"embeddable":true,"href":"https:\/\/sunupost.com\/index.php?rest_route=\/wp\/v2\/media\/8677"}],"wp:attachment":[{"href":"https:\/\/sunupost.com\/index.php?rest_route=%2Fwp%2Fv2%2Fmedia&parent=8676"}],"wp:term":[{"taxonomy":"category","embeddable":true,"href":"https:\/\/sunupost.com\/index.php?rest_route=%2Fwp%2Fv2%2Fcategories&post=8676"},{"taxonomy":"post_tag","embeddable":true,"href":"https:\/\/sunupost.com\/index.php?rest_route=%2Fwp%2Fv2%2Ftags&post=8676"}],"curies":[{"name":"wp","href":"https:\/\/api.w.org\/{rel}","templated":true}]}}