{"id":9050,"date":"2021-09-15T15:38:32","date_gmt":"2021-09-15T15:38:32","guid":{"rendered":"https:\/\/sunupost.com\/?p=9050"},"modified":"2021-09-15T15:40:05","modified_gmt":"2021-09-15T15:40:05","slug":"justice-le-proces-de-assane-diouf-renvoye-au-29-septembre-prochain","status":"publish","type":"post","link":"https:\/\/sunupost.com\/?p=9050","title":{"rendered":"Justice: Le Proc\u00e8s De Assane Diouf Renvoy\u00e9 Au 29 Septembre Prochain"},"content":{"rendered":"<p>Initialement pr\u00e9vu ce mercredi, le proc\u00e8s de Assane Diouf vient d\u2019\u00eatre renvoy\u00e9 au 29 septembre prochain pour plaidoiries. La raison\u00a0? Un avocat nouvellement constitu\u00e9 en la personne de Me Thioye a sollicit\u00e9 le renvoi afin de mieux prendre connaissance du dossier. Ce renvoi s\u2019explique, \u00e9galement, par le fait que d\u2019autres avocats \u00e9taient absents parce qu\u2019\u00e9tant en train d\u2019assister Kilifeu et Simon poursuivis pour trafic de visas. Interrog\u00e9, le Procureur ne s\u2019est pas oppos\u00e9 au renvoi, mais il a souhait\u00e9 que ce soit un renvoi ferme. Le tribunal a, finalement, confirm\u00e9 le renvoi pour le 29 septembre prochain pour plaidoiries.<\/p>\n<p>Pour m\u00e9moire, Me Cheikh Koure\u00efchi Ba, avait inform\u00e9 que son client, Assane Diouf, \u00ab\u00a0a \u00e9t\u00e9 pr\u00e9sent\u00e9 au procureur de Pikine Gu\u00e9diawaye apr\u00e8s une nuit de garde \u00e0 vue pour destruction du pare-brise d\u2019un particulier avec qui il a eu une altercation lors de son live nocturne, tr\u00e8s tard dans la soir\u00e9e\u00a0\u00bb.<\/p>\n<p>D\u2019apr\u00e8s l\u2019avocat, \u00ab\u00a0l\u2019automobiliste n\u2019a pas jug\u00e9 opportun de porter plainte contre l\u2019activiste mais sur ordre de la hi\u00e9rarchie les policiers qui avaient proc\u00e9d\u00e9 \u00e0 l\u2019interpellation des deux hommes sur les lieux ont retenu Assane Diouf qui est poursuivi du chef de destruction du bien d\u2019autrui\u00a0\u00bb.<\/p>\n","protected":false},"excerpt":{"rendered":"<p>Initialement pr\u00e9vu ce mercredi, le proc\u00e8s de Assane Diouf vient d\u2019\u00eatre renvoy\u00e9 au 29 septembre prochain pour plaidoiries. La raison\u00a0? Un avocat nouvellement constitu\u00e9 en&#8230;<\/p>\n","protected":false},"author":10,"featured_media":9051,"comment_status":"open","ping_status":"open","sticky":false,"template":"","format":"standard","meta":{"_coblocks_attr":"","_coblocks_dimensions":"","_coblocks_responsive_height":"","_coblocks_accordion_ie_support":"","_monsterinsights_skip_tracking":false,"_monsterinsights_sitenote_active":false,"_monsterinsights_sitenote_note":"","_monsterinsights_sitenote_category":0,"h5ap_radio_sources":[],"footnotes":""},"categories":[18],"tags":[],"class_list":["post-9050","post","type-post","status-publish","format-standard","has-post-thumbnail","hentry","category-justice","wpcat-18-id"],"yoast_head":"<!-- This site is optimized with the Yoast SEO plugin v27.5 - https:\/\/yoast.com\/product\/yoast-seo-wordpress\/ -->\n<title>Justice: Le Proc\u00e8s De Assane Diouf Renvoy\u00e9 Au 29 Septembre Prochain - SUNUPOST<\/title>\n<meta name=\"robots\" content=\"index, follow, max-snippet:-1, max-image-preview:large, max-video-preview:-1\" \/>\n<link rel=\"canonical\" href=\"https:\/\/sunupost.com\/?p=9050\" \/>\n<meta property=\"og:locale\" content=\"fr_FR\" \/>\n<meta property=\"og:type\" content=\"article\" \/>\n<meta property=\"og:title\" content=\"Justice: Le Proc\u00e8s De Assane Diouf Renvoy\u00e9 Au 29 Septembre Prochain - SUNUPOST\" \/>\n<meta property=\"og:description\" content=\"Initialement pr\u00e9vu ce mercredi, le proc\u00e8s de Assane Diouf vient d\u2019\u00eatre renvoy\u00e9 au 29 septembre prochain pour plaidoiries. La raison\u00a0? Un avocat nouvellement constitu\u00e9 en...\" \/>\n<meta property=\"og:url\" content=\"https:\/\/sunupost.com\/?p=9050\" \/>\n<meta property=\"og:site_name\" content=\"SUNUPOST\" \/>\n<meta property=\"article:publisher\" content=\"https:\/\/web.facebook.com\/Sunupost-101026658237468\/\" \/>\n<meta property=\"article:published_time\" content=\"2021-09-15T15:38:32+00:00\" \/>\n<meta property=\"article:modified_time\" content=\"2021-09-15T15:40:05+00:00\" \/>\n<meta property=\"og:image\" content=\"https:\/\/secureservercdn.net\/198.71.233.69\/17w.044.myftpupload.com\/wp-content\/uploads\/2021\/09\/IMG_15092021_153413_631_x_340_pixel.png?time=1663146636\" \/>\n\t<meta property=\"og:image:width\" content=\"631\" \/>\n\t<meta property=\"og:image:height\" content=\"340\" \/>\n\t<meta property=\"og:image:type\" content=\"image\/png\" \/>\n<meta name=\"author\" content=\"La R\u00e9daction\" \/>\n<meta name=\"twitter:card\" content=\"summary_large_image\" \/>\n<meta name=\"twitter:creator\" content=\"@sunupost\" \/>\n<meta name=\"twitter:site\" content=\"@sunupost\" \/>\n<meta name=\"twitter:label1\" content=\"\u00c9crit par\" \/>\n\t<meta name=\"twitter:data1\" content=\"La R\u00e9daction\" \/>\n\t<meta name=\"twitter:label2\" content=\"Dur\u00e9e de lecture estim\u00e9e\" \/>\n\t<meta name=\"twitter:data2\" content=\"1 minute\" \/>\n<script type=\"application\/ld+json\" class=\"yoast-schema-graph\">{\"@context\":\"https:\\\/\\\/schema.org\",\"@graph\":[{\"@type\":\"Article\",\"@id\":\"https:\\\/\\\/sunupost.com\\\/?p=9050#article\",\"isPartOf\":{\"@id\":\"https:\\\/\\\/sunupost.com\\\/?p=9050\"},\"author\":{\"name\":\"La R\u00e9daction\",\"@id\":\"https:\\\/\\\/sunupost.com\\\/#\\\/schema\\\/person\\\/9c04c80a48c29cd2be004cf57947ebb0\"},\"headline\":\"Justice: Le Proc\u00e8s De Assane Diouf Renvoy\u00e9 Au 29 Septembre Prochain\",\"datePublished\":\"2021-09-15T15:38:32+00:00\",\"dateModified\":\"2021-09-15T15:40:05+00:00\",\"mainEntityOfPage\":{\"@id\":\"https:\\\/\\\/sunupost.com\\\/?p=9050\"},\"wordCount\":228,\"commentCount\":35,\"publisher\":{\"@id\":\"https:\\\/\\\/sunupost.com\\\/#organization\"},\"image\":{\"@id\":\"https:\\\/\\\/sunupost.com\\\/?p=9050#primaryimage\"},\"thumbnailUrl\":\"https:\\\/\\\/sunupost.com\\\/wp-content\\\/uploads\\\/2021\\\/09\\\/IMG_15092021_153413_631_x_340_pixel.png\",\"articleSection\":[\"JUSTICE\"],\"inLanguage\":\"fr-FR\",\"potentialAction\":[{\"@type\":\"CommentAction\",\"name\":\"Comment\",\"target\":[\"https:\\\/\\\/sunupost.com\\\/?p=9050#respond\"]}]},{\"@type\":\"WebPage\",\"@id\":\"https:\\\/\\\/sunupost.com\\\/?p=9050\",\"url\":\"https:\\\/\\\/sunupost.com\\\/?p=9050\",\"name\":\"Justice: Le Proc\u00e8s De Assane Diouf Renvoy\u00e9 Au 29 Septembre Prochain - SUNUPOST\",\"isPartOf\":{\"@id\":\"https:\\\/\\\/sunupost.com\\\/#website\"},\"primaryImageOfPage\":{\"@id\":\"https:\\\/\\\/sunupost.com\\\/?p=9050#primaryimage\"},\"image\":{\"@id\":\"https:\\\/\\\/sunupost.com\\\/?p=9050#primaryimage\"},\"thumbnailUrl\":\"https:\\\/\\\/sunupost.com\\\/wp-content\\\/uploads\\\/2021\\\/09\\\/IMG_15092021_153413_631_x_340_pixel.png\",\"datePublished\":\"2021-09-15T15:38:32+00:00\",\"dateModified\":\"2021-09-15T15:40:05+00:00\",\"breadcrumb\":{\"@id\":\"https:\\\/\\\/sunupost.com\\\/?p=9050#breadcrumb\"},\"inLanguage\":\"fr-FR\",\"potentialAction\":[{\"@type\":\"ReadAction\",\"target\":[\"https:\\\/\\\/sunupost.com\\\/?p=9050\"]}]},{\"@type\":\"ImageObject\",\"inLanguage\":\"fr-FR\",\"@id\":\"https:\\\/\\\/sunupost.com\\\/?p=9050#primaryimage\",\"url\":\"https:\\\/\\\/sunupost.com\\\/wp-content\\\/uploads\\\/2021\\\/09\\\/IMG_15092021_153413_631_x_340_pixel.png\",\"contentUrl\":\"https:\\\/\\\/sunupost.com\\\/wp-content\\\/uploads\\\/2021\\\/09\\\/IMG_15092021_153413_631_x_340_pixel.png\",\"width\":631,\"height\":340},{\"@type\":\"BreadcrumbList\",\"@id\":\"https:\\\/\\\/sunupost.com\\\/?p=9050#breadcrumb\",\"itemListElement\":[{\"@type\":\"ListItem\",\"position\":1,\"name\":\"Home\",\"item\":\"https:\\\/\\\/sunupost.com\\\/\"},{\"@type\":\"ListItem\",\"position\":2,\"name\":\"Justice: Le Proc\u00e8s De Assane Diouf Renvoy\u00e9 Au 29 Septembre Prochain\"}]},{\"@type\":\"WebSite\",\"@id\":\"https:\\\/\\\/sunupost.com\\\/#website\",\"url\":\"https:\\\/\\\/sunupost.com\\\/\",\"name\":\"SUNUPOST\",\"description\":\"Pens\u00e9e libre\",\"publisher\":{\"@id\":\"https:\\\/\\\/sunupost.com\\\/#organization\"},\"potentialAction\":[{\"@type\":\"SearchAction\",\"target\":{\"@type\":\"EntryPoint\",\"urlTemplate\":\"https:\\\/\\\/sunupost.com\\\/?s={search_term_string}\"},\"query-input\":{\"@type\":\"PropertyValueSpecification\",\"valueRequired\":true,\"valueName\":\"search_term_string\"}}],\"inLanguage\":\"fr-FR\"},{\"@type\":\"Organization\",\"@id\":\"https:\\\/\\\/sunupost.com\\\/#organization\",\"name\":\"SUNUPOST\",\"url\":\"https:\\\/\\\/sunupost.com\\\/\",\"logo\":{\"@type\":\"ImageObject\",\"inLanguage\":\"fr-FR\",\"@id\":\"https:\\\/\\\/sunupost.com\\\/#\\\/schema\\\/logo\\\/image\\\/\",\"url\":\"https:\\\/\\\/secureservercdn.net\\\/198.71.233.206\\\/17w.044.myftpupload.com\\\/wp-content\\\/uploads\\\/2020\\\/05\\\/Lancement.jpg?time=1639052812\",\"contentUrl\":\"https:\\\/\\\/secureservercdn.net\\\/198.71.233.206\\\/17w.044.myftpupload.com\\\/wp-content\\\/uploads\\\/2020\\\/05\\\/Lancement.jpg?time=1639052812\",\"width\":300,\"height\":100,\"caption\":\"SUNUPOST\"},\"image\":{\"@id\":\"https:\\\/\\\/sunupost.com\\\/#\\\/schema\\\/logo\\\/image\\\/\"},\"sameAs\":[\"https:\\\/\\\/web.facebook.com\\\/Sunupost-101026658237468\\\/\",\"https:\\\/\\\/x.com\\\/sunupost\",\"https:\\\/\\\/www.instagram.com\\\/sunupost\\\/\",\"https:\\\/\\\/www.youtube.com\\\/channel\\\/UCd7V7bCkLDOee8yr7CW4Dpw\"]},{\"@type\":\"Person\",\"@id\":\"https:\\\/\\\/sunupost.com\\\/#\\\/schema\\\/person\\\/9c04c80a48c29cd2be004cf57947ebb0\",\"name\":\"La R\u00e9daction\",\"image\":{\"@type\":\"ImageObject\",\"inLanguage\":\"fr-FR\",\"@id\":\"https:\\\/\\\/secure.gravatar.com\\\/avatar\\\/1dc7c1ffd136391c1a6d8806c3431e1a2dd9445015e3f66472e3c63e9c80807e?s=96&d=mm&r=g\",\"url\":\"https:\\\/\\\/secure.gravatar.com\\\/avatar\\\/1dc7c1ffd136391c1a6d8806c3431e1a2dd9445015e3f66472e3c63e9c80807e?s=96&d=mm&r=g\",\"contentUrl\":\"https:\\\/\\\/secure.gravatar.com\\\/avatar\\\/1dc7c1ffd136391c1a6d8806c3431e1a2dd9445015e3f66472e3c63e9c80807e?s=96&d=mm&r=g\",\"caption\":\"La R\u00e9daction\"},\"url\":\"https:\\\/\\\/sunupost.com\\\/?author=10\"}]}<\/script>\n<!-- \/ Yoast SEO plugin. -->","yoast_head_json":{"title":"Justice: Le Proc\u00e8s De Assane Diouf Renvoy\u00e9 Au 29 Septembre Prochain - SUNUPOST","robots":{"index":"index","follow":"follow","max-snippet":"max-snippet:-1","max-image-preview":"max-image-preview:large","max-video-preview":"max-video-preview:-1"},"canonical":"https:\/\/sunupost.com\/?p=9050","og_locale":"fr_FR","og_type":"article","og_title":"Justice: Le Proc\u00e8s De Assane Diouf Renvoy\u00e9 Au 29 Septembre Prochain - SUNUPOST","og_description":"Initialement pr\u00e9vu ce mercredi, le proc\u00e8s de Assane Diouf vient d\u2019\u00eatre renvoy\u00e9 au 29 septembre prochain pour plaidoiries. La raison\u00a0? Un avocat nouvellement constitu\u00e9 en...","og_url":"https:\/\/sunupost.com\/?p=9050","og_site_name":"SUNUPOST","article_publisher":"https:\/\/web.facebook.com\/Sunupost-101026658237468\/","article_published_time":"2021-09-15T15:38:32+00:00","article_modified_time":"2021-09-15T15:40:05+00:00","og_image":[{"width":631,"height":340,"url":"https:\/\/secureservercdn.net\/198.71.233.69\/17w.044.myftpupload.com\/wp-content\/uploads\/2021\/09\/IMG_15092021_153413_631_x_340_pixel.png?time=1663146636","type":"image\/png"}],"author":"La R\u00e9daction","twitter_card":"summary_large_image","twitter_creator":"@sunupost","twitter_site":"@sunupost","twitter_misc":{"\u00c9crit par":"La R\u00e9daction","Dur\u00e9e de lecture estim\u00e9e":"1 minute"},"schema":{"@context":"https:\/\/schema.org","@graph":[{"@type":"Article","@id":"https:\/\/sunupost.com\/?p=9050#article","isPartOf":{"@id":"https:\/\/sunupost.com\/?p=9050"},"author":{"name":"La R\u00e9daction","@id":"https:\/\/sunupost.com\/#\/schema\/person\/9c04c80a48c29cd2be004cf57947ebb0"},"headline":"Justice: Le Proc\u00e8s De Assane Diouf Renvoy\u00e9 Au 29 Septembre Prochain","datePublished":"2021-09-15T15:38:32+00:00","dateModified":"2021-09-15T15:40:05+00:00","mainEntityOfPage":{"@id":"https:\/\/sunupost.com\/?p=9050"},"wordCount":228,"commentCount":35,"publisher":{"@id":"https:\/\/sunupost.com\/#organization"},"image":{"@id":"https:\/\/sunupost.com\/?p=9050#primaryimage"},"thumbnailUrl":"https:\/\/sunupost.com\/wp-content\/uploads\/2021\/09\/IMG_15092021_153413_631_x_340_pixel.png","articleSection":["JUSTICE"],"inLanguage":"fr-FR","potentialAction":[{"@type":"CommentAction","name":"Comment","target":["https:\/\/sunupost.com\/?p=9050#respond"]}]},{"@type":"WebPage","@id":"https:\/\/sunupost.com\/?p=9050","url":"https:\/\/sunupost.com\/?p=9050","name":"Justice: Le Proc\u00e8s De Assane Diouf Renvoy\u00e9 Au 29 Septembre Prochain - SUNUPOST","isPartOf":{"@id":"https:\/\/sunupost.com\/#website"},"primaryImageOfPage":{"@id":"https:\/\/sunupost.com\/?p=9050#primaryimage"},"image":{"@id":"https:\/\/sunupost.com\/?p=9050#primaryimage"},"thumbnailUrl":"https:\/\/sunupost.com\/wp-content\/uploads\/2021\/09\/IMG_15092021_153413_631_x_340_pixel.png","datePublished":"2021-09-15T15:38:32+00:00","dateModified":"2021-09-15T15:40:05+00:00","breadcrumb":{"@id":"https:\/\/sunupost.com\/?p=9050#breadcrumb"},"inLanguage":"fr-FR","potentialAction":[{"@type":"ReadAction","target":["https:\/\/sunupost.com\/?p=9050"]}]},{"@type":"ImageObject","inLanguage":"fr-FR","@id":"https:\/\/sunupost.com\/?p=9050#primaryimage","url":"https:\/\/sunupost.com\/wp-content\/uploads\/2021\/09\/IMG_15092021_153413_631_x_340_pixel.png","contentUrl":"https:\/\/sunupost.com\/wp-content\/uploads\/2021\/09\/IMG_15092021_153413_631_x_340_pixel.png","width":631,"height":340},{"@type":"BreadcrumbList","@id":"https:\/\/sunupost.com\/?p=9050#breadcrumb","itemListElement":[{"@type":"ListItem","position":1,"name":"Home","item":"https:\/\/sunupost.com\/"},{"@type":"ListItem","position":2,"name":"Justice: Le Proc\u00e8s De Assane Diouf Renvoy\u00e9 Au 29 Septembre Prochain"}]},{"@type":"WebSite","@id":"https:\/\/sunupost.com\/#website","url":"https:\/\/sunupost.com\/","name":"SUNUPOST","description":"Pens\u00e9e libre","publisher":{"@id":"https:\/\/sunupost.com\/#organization"},"potentialAction":[{"@type":"SearchAction","target":{"@type":"EntryPoint","urlTemplate":"https:\/\/sunupost.com\/?s={search_term_string}"},"query-input":{"@type":"PropertyValueSpecification","valueRequired":true,"valueName":"search_term_string"}}],"inLanguage":"fr-FR"},{"@type":"Organization","@id":"https:\/\/sunupost.com\/#organization","name":"SUNUPOST","url":"https:\/\/sunupost.com\/","logo":{"@type":"ImageObject","inLanguage":"fr-FR","@id":"https:\/\/sunupost.com\/#\/schema\/logo\/image\/","url":"https:\/\/secureservercdn.net\/198.71.233.206\/17w.044.myftpupload.com\/wp-content\/uploads\/2020\/05\/Lancement.jpg?time=1639052812","contentUrl":"https:\/\/secureservercdn.net\/198.71.233.206\/17w.044.myftpupload.com\/wp-content\/uploads\/2020\/05\/Lancement.jpg?time=1639052812","width":300,"height":100,"caption":"SUNUPOST"},"image":{"@id":"https:\/\/sunupost.com\/#\/schema\/logo\/image\/"},"sameAs":["https:\/\/web.facebook.com\/Sunupost-101026658237468\/","https:\/\/x.com\/sunupost","https:\/\/www.instagram.com\/sunupost\/","https:\/\/www.youtube.com\/channel\/UCd7V7bCkLDOee8yr7CW4Dpw"]},{"@type":"Person","@id":"https:\/\/sunupost.com\/#\/schema\/person\/9c04c80a48c29cd2be004cf57947ebb0","name":"La R\u00e9daction","image":{"@type":"ImageObject","inLanguage":"fr-FR","@id":"https:\/\/secure.gravatar.com\/avatar\/1dc7c1ffd136391c1a6d8806c3431e1a2dd9445015e3f66472e3c63e9c80807e?s=96&d=mm&r=g","url":"https:\/\/secure.gravatar.com\/avatar\/1dc7c1ffd136391c1a6d8806c3431e1a2dd9445015e3f66472e3c63e9c80807e?s=96&d=mm&r=g","contentUrl":"https:\/\/secure.gravatar.com\/avatar\/1dc7c1ffd136391c1a6d8806c3431e1a2dd9445015e3f66472e3c63e9c80807e?s=96&d=mm&r=g","caption":"La R\u00e9daction"},"url":"https:\/\/sunupost.com\/?author=10"}]}},"_links":{"self":[{"href":"https:\/\/sunupost.com\/index.php?rest_route=\/wp\/v2\/posts\/9050","targetHints":{"allow":["GET"]}}],"collection":[{"href":"https:\/\/sunupost.com\/index.php?rest_route=\/wp\/v2\/posts"}],"about":[{"href":"https:\/\/sunupost.com\/index.php?rest_route=\/wp\/v2\/types\/post"}],"author":[{"embeddable":true,"href":"https:\/\/sunupost.com\/index.php?rest_route=\/wp\/v2\/users\/10"}],"replies":[{"embeddable":true,"href":"https:\/\/sunupost.com\/index.php?rest_route=%2Fwp%2Fv2%2Fcomments&post=9050"}],"version-history":[{"count":0,"href":"https:\/\/sunupost.com\/index.php?rest_route=\/wp\/v2\/posts\/9050\/revisions"}],"wp:featuredmedia":[{"embeddable":true,"href":"https:\/\/sunupost.com\/index.php?rest_route=\/wp\/v2\/media\/9051"}],"wp:attachment":[{"href":"https:\/\/sunupost.com\/index.php?rest_route=%2Fwp%2Fv2%2Fmedia&parent=9050"}],"wp:term":[{"taxonomy":"category","embeddable":true,"href":"https:\/\/sunupost.com\/index.php?rest_route=%2Fwp%2Fv2%2Fcategories&post=9050"},{"taxonomy":"post_tag","embeddable":true,"href":"https:\/\/sunupost.com\/index.php?rest_route=%2Fwp%2Fv2%2Ftags&post=9050"}],"curies":[{"name":"wp","href":"https:\/\/api.w.org\/{rel}","templated":true}]}}