{"id":9109,"date":"2021-09-17T23:30:12","date_gmt":"2021-09-17T23:30:12","guid":{"rendered":"https:\/\/sunupost.com\/?p=9109"},"modified":"2021-09-17T23:30:12","modified_gmt":"2021-09-17T23:30:12","slug":"lancien-president-algerien-abdelaziz-bouteflika-est-mort-a-lage-de-84-ans","status":"publish","type":"post","link":"https:\/\/sunupost.com\/?p=9109","title":{"rendered":"L\u2019Ancien Pr\u00e9sident Alg\u00e9rien Abdelaziz Bouteflika Est Mort \u00c0 L\u2019\u00c2ge De 84 Ans"},"content":{"rendered":"<p>L\u2019ex-pr\u00e9sident est d\u00e9c\u00e9d\u00e9 vendredi, a annonc\u00e9 la t\u00e9l\u00e9vision nationale, qui cite un communiqu\u00e9 de la pr\u00e9sidence de la R\u00e9publique. Il avait dirig\u00e9 le pays pendant vingt ans, de 1999 \u00e0 2019.<\/p>\n<p>L\u2019ex-pr\u00e9sident Alg\u00e9rien Abdelaziz Bouteflika est d\u00e9c\u00e9d\u00e9, vendredi 17 septembre, \u00e0 l\u2019\u00e2ge de 84 ans.\u00a0\u00ab D\u00e9c\u00e8s de l\u2019ancien pr\u00e9sident Abdelaziz Bouteflika \u00bb, a signal\u00e9 un bandeau d\u00e9roulant \u00e0 la t\u00e9l\u00e9vision nationale, qui cite un communiqu\u00e9 de la pr\u00e9sidence de la R\u00e9publique.<\/p>\n<p>Depuis sa chute spectaculaire en avril 2019 sous la pression de l\u2019arm\u00e9e et de la rue, M. Bouteflika \u00e9tait rest\u00e9 retranch\u00e9 dans la solitude dans sa r\u00e9sidence m\u00e9dicalis\u00e9e de Zeralda, \u00e0 l\u2019ouest d\u2019Alger. Sa chute \u00e9tait devenue in\u00e9luctable apr\u00e8s des semaines de manifestations massives contre sa volont\u00e9 de briguer un cinqui\u00e8me quinquennat<\/p>\n","protected":false},"excerpt":{"rendered":"<p>L\u2019ex-pr\u00e9sident est d\u00e9c\u00e9d\u00e9 vendredi, a annonc\u00e9 la t\u00e9l\u00e9vision nationale, qui cite un communiqu\u00e9 de la pr\u00e9sidence de la R\u00e9publique. Il avait dirig\u00e9 le pays pendant&#8230;<\/p>\n","protected":false},"author":10,"featured_media":9110,"comment_status":"open","ping_status":"open","sticky":false,"template":"","format":"standard","meta":{"_coblocks_attr":"","_coblocks_dimensions":"","_coblocks_responsive_height":"","_coblocks_accordion_ie_support":"","_monsterinsights_skip_tracking":false,"_monsterinsights_sitenote_active":false,"_monsterinsights_sitenote_note":"","_monsterinsights_sitenote_category":0,"h5ap_radio_sources":[],"footnotes":""},"categories":[2],"tags":[],"class_list":["post-9109","post","type-post","status-publish","format-standard","has-post-thumbnail","hentry","category-international","wpcat-2-id"],"yoast_head":"<!-- This site is optimized with the Yoast SEO plugin v27.5 - https:\/\/yoast.com\/product\/yoast-seo-wordpress\/ -->\n<title>L\u2019Ancien Pr\u00e9sident Alg\u00e9rien Abdelaziz Bouteflika Est Mort \u00c0 L\u2019\u00c2ge De 84 Ans - SUNUPOST<\/title>\n<meta name=\"robots\" content=\"index, follow, max-snippet:-1, max-image-preview:large, max-video-preview:-1\" \/>\n<link rel=\"canonical\" href=\"https:\/\/sunupost.com\/?p=9109\" \/>\n<meta property=\"og:locale\" content=\"fr_FR\" \/>\n<meta property=\"og:type\" content=\"article\" \/>\n<meta property=\"og:title\" content=\"L\u2019Ancien Pr\u00e9sident Alg\u00e9rien Abdelaziz Bouteflika Est Mort \u00c0 L\u2019\u00c2ge De 84 Ans - SUNUPOST\" \/>\n<meta property=\"og:description\" content=\"L\u2019ex-pr\u00e9sident est d\u00e9c\u00e9d\u00e9 vendredi, a annonc\u00e9 la t\u00e9l\u00e9vision nationale, qui cite un communiqu\u00e9 de la pr\u00e9sidence de la R\u00e9publique. Il avait dirig\u00e9 le pays pendant...\" \/>\n<meta property=\"og:url\" content=\"https:\/\/sunupost.com\/?p=9109\" \/>\n<meta property=\"og:site_name\" content=\"SUNUPOST\" \/>\n<meta property=\"article:publisher\" content=\"https:\/\/web.facebook.com\/Sunupost-101026658237468\/\" \/>\n<meta property=\"article:published_time\" content=\"2021-09-17T23:30:12+00:00\" \/>\n<meta property=\"og:image\" content=\"https:\/\/secureservercdn.net\/198.71.233.69\/17w.044.myftpupload.com\/wp-content\/uploads\/2021\/09\/IMG_17092021_232416_631_x_340_pixel.jpg?time=1663118591\" \/>\n\t<meta property=\"og:image:width\" content=\"631\" \/>\n\t<meta property=\"og:image:height\" content=\"340\" \/>\n\t<meta property=\"og:image:type\" content=\"image\/jpeg\" \/>\n<meta name=\"author\" content=\"La R\u00e9daction\" \/>\n<meta name=\"twitter:card\" content=\"summary_large_image\" \/>\n<meta name=\"twitter:creator\" content=\"@sunupost\" \/>\n<meta name=\"twitter:site\" content=\"@sunupost\" \/>\n<meta name=\"twitter:label1\" content=\"\u00c9crit par\" \/>\n\t<meta name=\"twitter:data1\" content=\"La R\u00e9daction\" \/>\n\t<meta name=\"twitter:label2\" content=\"Dur\u00e9e de lecture estim\u00e9e\" \/>\n\t<meta name=\"twitter:data2\" content=\"1 minute\" \/>\n<script type=\"application\/ld+json\" class=\"yoast-schema-graph\">{\"@context\":\"https:\\\/\\\/schema.org\",\"@graph\":[{\"@type\":\"Article\",\"@id\":\"https:\\\/\\\/sunupost.com\\\/?p=9109#article\",\"isPartOf\":{\"@id\":\"https:\\\/\\\/sunupost.com\\\/?p=9109\"},\"author\":{\"name\":\"La R\u00e9daction\",\"@id\":\"https:\\\/\\\/sunupost.com\\\/#\\\/schema\\\/person\\\/9c04c80a48c29cd2be004cf57947ebb0\"},\"headline\":\"L\u2019Ancien Pr\u00e9sident Alg\u00e9rien Abdelaziz Bouteflika Est Mort \u00c0 L\u2019\u00c2ge De 84 Ans\",\"datePublished\":\"2021-09-17T23:30:12+00:00\",\"mainEntityOfPage\":{\"@id\":\"https:\\\/\\\/sunupost.com\\\/?p=9109\"},\"wordCount\":160,\"commentCount\":14,\"publisher\":{\"@id\":\"https:\\\/\\\/sunupost.com\\\/#organization\"},\"image\":{\"@id\":\"https:\\\/\\\/sunupost.com\\\/?p=9109#primaryimage\"},\"thumbnailUrl\":\"https:\\\/\\\/sunupost.com\\\/wp-content\\\/uploads\\\/2021\\\/09\\\/IMG_17092021_232416_631_x_340_pixel.jpg\",\"articleSection\":[\"INTERNATIONAL\"],\"inLanguage\":\"fr-FR\",\"potentialAction\":[{\"@type\":\"CommentAction\",\"name\":\"Comment\",\"target\":[\"https:\\\/\\\/sunupost.com\\\/?p=9109#respond\"]}]},{\"@type\":\"WebPage\",\"@id\":\"https:\\\/\\\/sunupost.com\\\/?p=9109\",\"url\":\"https:\\\/\\\/sunupost.com\\\/?p=9109\",\"name\":\"L\u2019Ancien Pr\u00e9sident Alg\u00e9rien Abdelaziz Bouteflika Est Mort \u00c0 L\u2019\u00c2ge De 84 Ans - SUNUPOST\",\"isPartOf\":{\"@id\":\"https:\\\/\\\/sunupost.com\\\/#website\"},\"primaryImageOfPage\":{\"@id\":\"https:\\\/\\\/sunupost.com\\\/?p=9109#primaryimage\"},\"image\":{\"@id\":\"https:\\\/\\\/sunupost.com\\\/?p=9109#primaryimage\"},\"thumbnailUrl\":\"https:\\\/\\\/sunupost.com\\\/wp-content\\\/uploads\\\/2021\\\/09\\\/IMG_17092021_232416_631_x_340_pixel.jpg\",\"datePublished\":\"2021-09-17T23:30:12+00:00\",\"breadcrumb\":{\"@id\":\"https:\\\/\\\/sunupost.com\\\/?p=9109#breadcrumb\"},\"inLanguage\":\"fr-FR\",\"potentialAction\":[{\"@type\":\"ReadAction\",\"target\":[\"https:\\\/\\\/sunupost.com\\\/?p=9109\"]}]},{\"@type\":\"ImageObject\",\"inLanguage\":\"fr-FR\",\"@id\":\"https:\\\/\\\/sunupost.com\\\/?p=9109#primaryimage\",\"url\":\"https:\\\/\\\/sunupost.com\\\/wp-content\\\/uploads\\\/2021\\\/09\\\/IMG_17092021_232416_631_x_340_pixel.jpg\",\"contentUrl\":\"https:\\\/\\\/sunupost.com\\\/wp-content\\\/uploads\\\/2021\\\/09\\\/IMG_17092021_232416_631_x_340_pixel.jpg\",\"width\":631,\"height\":340},{\"@type\":\"BreadcrumbList\",\"@id\":\"https:\\\/\\\/sunupost.com\\\/?p=9109#breadcrumb\",\"itemListElement\":[{\"@type\":\"ListItem\",\"position\":1,\"name\":\"Home\",\"item\":\"https:\\\/\\\/sunupost.com\\\/\"},{\"@type\":\"ListItem\",\"position\":2,\"name\":\"L\u2019Ancien Pr\u00e9sident Alg\u00e9rien Abdelaziz Bouteflika Est Mort \u00c0 L\u2019\u00c2ge De 84 Ans\"}]},{\"@type\":\"WebSite\",\"@id\":\"https:\\\/\\\/sunupost.com\\\/#website\",\"url\":\"https:\\\/\\\/sunupost.com\\\/\",\"name\":\"SUNUPOST\",\"description\":\"Pens\u00e9e libre\",\"publisher\":{\"@id\":\"https:\\\/\\\/sunupost.com\\\/#organization\"},\"potentialAction\":[{\"@type\":\"SearchAction\",\"target\":{\"@type\":\"EntryPoint\",\"urlTemplate\":\"https:\\\/\\\/sunupost.com\\\/?s={search_term_string}\"},\"query-input\":{\"@type\":\"PropertyValueSpecification\",\"valueRequired\":true,\"valueName\":\"search_term_string\"}}],\"inLanguage\":\"fr-FR\"},{\"@type\":\"Organization\",\"@id\":\"https:\\\/\\\/sunupost.com\\\/#organization\",\"name\":\"SUNUPOST\",\"url\":\"https:\\\/\\\/sunupost.com\\\/\",\"logo\":{\"@type\":\"ImageObject\",\"inLanguage\":\"fr-FR\",\"@id\":\"https:\\\/\\\/sunupost.com\\\/#\\\/schema\\\/logo\\\/image\\\/\",\"url\":\"https:\\\/\\\/secureservercdn.net\\\/198.71.233.206\\\/17w.044.myftpupload.com\\\/wp-content\\\/uploads\\\/2020\\\/05\\\/Lancement.jpg?time=1639052812\",\"contentUrl\":\"https:\\\/\\\/secureservercdn.net\\\/198.71.233.206\\\/17w.044.myftpupload.com\\\/wp-content\\\/uploads\\\/2020\\\/05\\\/Lancement.jpg?time=1639052812\",\"width\":300,\"height\":100,\"caption\":\"SUNUPOST\"},\"image\":{\"@id\":\"https:\\\/\\\/sunupost.com\\\/#\\\/schema\\\/logo\\\/image\\\/\"},\"sameAs\":[\"https:\\\/\\\/web.facebook.com\\\/Sunupost-101026658237468\\\/\",\"https:\\\/\\\/x.com\\\/sunupost\",\"https:\\\/\\\/www.instagram.com\\\/sunupost\\\/\",\"https:\\\/\\\/www.youtube.com\\\/channel\\\/UCd7V7bCkLDOee8yr7CW4Dpw\"]},{\"@type\":\"Person\",\"@id\":\"https:\\\/\\\/sunupost.com\\\/#\\\/schema\\\/person\\\/9c04c80a48c29cd2be004cf57947ebb0\",\"name\":\"La R\u00e9daction\",\"image\":{\"@type\":\"ImageObject\",\"inLanguage\":\"fr-FR\",\"@id\":\"https:\\\/\\\/secure.gravatar.com\\\/avatar\\\/1dc7c1ffd136391c1a6d8806c3431e1a2dd9445015e3f66472e3c63e9c80807e?s=96&d=mm&r=g\",\"url\":\"https:\\\/\\\/secure.gravatar.com\\\/avatar\\\/1dc7c1ffd136391c1a6d8806c3431e1a2dd9445015e3f66472e3c63e9c80807e?s=96&d=mm&r=g\",\"contentUrl\":\"https:\\\/\\\/secure.gravatar.com\\\/avatar\\\/1dc7c1ffd136391c1a6d8806c3431e1a2dd9445015e3f66472e3c63e9c80807e?s=96&d=mm&r=g\",\"caption\":\"La R\u00e9daction\"},\"url\":\"https:\\\/\\\/sunupost.com\\\/?author=10\"}]}<\/script>\n<!-- \/ Yoast SEO plugin. -->","yoast_head_json":{"title":"L\u2019Ancien Pr\u00e9sident Alg\u00e9rien Abdelaziz Bouteflika Est Mort \u00c0 L\u2019\u00c2ge De 84 Ans - SUNUPOST","robots":{"index":"index","follow":"follow","max-snippet":"max-snippet:-1","max-image-preview":"max-image-preview:large","max-video-preview":"max-video-preview:-1"},"canonical":"https:\/\/sunupost.com\/?p=9109","og_locale":"fr_FR","og_type":"article","og_title":"L\u2019Ancien Pr\u00e9sident Alg\u00e9rien Abdelaziz Bouteflika Est Mort \u00c0 L\u2019\u00c2ge De 84 Ans - SUNUPOST","og_description":"L\u2019ex-pr\u00e9sident est d\u00e9c\u00e9d\u00e9 vendredi, a annonc\u00e9 la t\u00e9l\u00e9vision nationale, qui cite un communiqu\u00e9 de la pr\u00e9sidence de la R\u00e9publique. Il avait dirig\u00e9 le pays pendant...","og_url":"https:\/\/sunupost.com\/?p=9109","og_site_name":"SUNUPOST","article_publisher":"https:\/\/web.facebook.com\/Sunupost-101026658237468\/","article_published_time":"2021-09-17T23:30:12+00:00","og_image":[{"width":631,"height":340,"url":"https:\/\/secureservercdn.net\/198.71.233.69\/17w.044.myftpupload.com\/wp-content\/uploads\/2021\/09\/IMG_17092021_232416_631_x_340_pixel.jpg?time=1663118591","type":"image\/jpeg"}],"author":"La R\u00e9daction","twitter_card":"summary_large_image","twitter_creator":"@sunupost","twitter_site":"@sunupost","twitter_misc":{"\u00c9crit par":"La R\u00e9daction","Dur\u00e9e de lecture estim\u00e9e":"1 minute"},"schema":{"@context":"https:\/\/schema.org","@graph":[{"@type":"Article","@id":"https:\/\/sunupost.com\/?p=9109#article","isPartOf":{"@id":"https:\/\/sunupost.com\/?p=9109"},"author":{"name":"La R\u00e9daction","@id":"https:\/\/sunupost.com\/#\/schema\/person\/9c04c80a48c29cd2be004cf57947ebb0"},"headline":"L\u2019Ancien Pr\u00e9sident Alg\u00e9rien Abdelaziz Bouteflika Est Mort \u00c0 L\u2019\u00c2ge De 84 Ans","datePublished":"2021-09-17T23:30:12+00:00","mainEntityOfPage":{"@id":"https:\/\/sunupost.com\/?p=9109"},"wordCount":160,"commentCount":14,"publisher":{"@id":"https:\/\/sunupost.com\/#organization"},"image":{"@id":"https:\/\/sunupost.com\/?p=9109#primaryimage"},"thumbnailUrl":"https:\/\/sunupost.com\/wp-content\/uploads\/2021\/09\/IMG_17092021_232416_631_x_340_pixel.jpg","articleSection":["INTERNATIONAL"],"inLanguage":"fr-FR","potentialAction":[{"@type":"CommentAction","name":"Comment","target":["https:\/\/sunupost.com\/?p=9109#respond"]}]},{"@type":"WebPage","@id":"https:\/\/sunupost.com\/?p=9109","url":"https:\/\/sunupost.com\/?p=9109","name":"L\u2019Ancien Pr\u00e9sident Alg\u00e9rien Abdelaziz Bouteflika Est Mort \u00c0 L\u2019\u00c2ge De 84 Ans - SUNUPOST","isPartOf":{"@id":"https:\/\/sunupost.com\/#website"},"primaryImageOfPage":{"@id":"https:\/\/sunupost.com\/?p=9109#primaryimage"},"image":{"@id":"https:\/\/sunupost.com\/?p=9109#primaryimage"},"thumbnailUrl":"https:\/\/sunupost.com\/wp-content\/uploads\/2021\/09\/IMG_17092021_232416_631_x_340_pixel.jpg","datePublished":"2021-09-17T23:30:12+00:00","breadcrumb":{"@id":"https:\/\/sunupost.com\/?p=9109#breadcrumb"},"inLanguage":"fr-FR","potentialAction":[{"@type":"ReadAction","target":["https:\/\/sunupost.com\/?p=9109"]}]},{"@type":"ImageObject","inLanguage":"fr-FR","@id":"https:\/\/sunupost.com\/?p=9109#primaryimage","url":"https:\/\/sunupost.com\/wp-content\/uploads\/2021\/09\/IMG_17092021_232416_631_x_340_pixel.jpg","contentUrl":"https:\/\/sunupost.com\/wp-content\/uploads\/2021\/09\/IMG_17092021_232416_631_x_340_pixel.jpg","width":631,"height":340},{"@type":"BreadcrumbList","@id":"https:\/\/sunupost.com\/?p=9109#breadcrumb","itemListElement":[{"@type":"ListItem","position":1,"name":"Home","item":"https:\/\/sunupost.com\/"},{"@type":"ListItem","position":2,"name":"L\u2019Ancien Pr\u00e9sident Alg\u00e9rien Abdelaziz Bouteflika Est Mort \u00c0 L\u2019\u00c2ge De 84 Ans"}]},{"@type":"WebSite","@id":"https:\/\/sunupost.com\/#website","url":"https:\/\/sunupost.com\/","name":"SUNUPOST","description":"Pens\u00e9e libre","publisher":{"@id":"https:\/\/sunupost.com\/#organization"},"potentialAction":[{"@type":"SearchAction","target":{"@type":"EntryPoint","urlTemplate":"https:\/\/sunupost.com\/?s={search_term_string}"},"query-input":{"@type":"PropertyValueSpecification","valueRequired":true,"valueName":"search_term_string"}}],"inLanguage":"fr-FR"},{"@type":"Organization","@id":"https:\/\/sunupost.com\/#organization","name":"SUNUPOST","url":"https:\/\/sunupost.com\/","logo":{"@type":"ImageObject","inLanguage":"fr-FR","@id":"https:\/\/sunupost.com\/#\/schema\/logo\/image\/","url":"https:\/\/secureservercdn.net\/198.71.233.206\/17w.044.myftpupload.com\/wp-content\/uploads\/2020\/05\/Lancement.jpg?time=1639052812","contentUrl":"https:\/\/secureservercdn.net\/198.71.233.206\/17w.044.myftpupload.com\/wp-content\/uploads\/2020\/05\/Lancement.jpg?time=1639052812","width":300,"height":100,"caption":"SUNUPOST"},"image":{"@id":"https:\/\/sunupost.com\/#\/schema\/logo\/image\/"},"sameAs":["https:\/\/web.facebook.com\/Sunupost-101026658237468\/","https:\/\/x.com\/sunupost","https:\/\/www.instagram.com\/sunupost\/","https:\/\/www.youtube.com\/channel\/UCd7V7bCkLDOee8yr7CW4Dpw"]},{"@type":"Person","@id":"https:\/\/sunupost.com\/#\/schema\/person\/9c04c80a48c29cd2be004cf57947ebb0","name":"La R\u00e9daction","image":{"@type":"ImageObject","inLanguage":"fr-FR","@id":"https:\/\/secure.gravatar.com\/avatar\/1dc7c1ffd136391c1a6d8806c3431e1a2dd9445015e3f66472e3c63e9c80807e?s=96&d=mm&r=g","url":"https:\/\/secure.gravatar.com\/avatar\/1dc7c1ffd136391c1a6d8806c3431e1a2dd9445015e3f66472e3c63e9c80807e?s=96&d=mm&r=g","contentUrl":"https:\/\/secure.gravatar.com\/avatar\/1dc7c1ffd136391c1a6d8806c3431e1a2dd9445015e3f66472e3c63e9c80807e?s=96&d=mm&r=g","caption":"La R\u00e9daction"},"url":"https:\/\/sunupost.com\/?author=10"}]}},"_links":{"self":[{"href":"https:\/\/sunupost.com\/index.php?rest_route=\/wp\/v2\/posts\/9109","targetHints":{"allow":["GET"]}}],"collection":[{"href":"https:\/\/sunupost.com\/index.php?rest_route=\/wp\/v2\/posts"}],"about":[{"href":"https:\/\/sunupost.com\/index.php?rest_route=\/wp\/v2\/types\/post"}],"author":[{"embeddable":true,"href":"https:\/\/sunupost.com\/index.php?rest_route=\/wp\/v2\/users\/10"}],"replies":[{"embeddable":true,"href":"https:\/\/sunupost.com\/index.php?rest_route=%2Fwp%2Fv2%2Fcomments&post=9109"}],"version-history":[{"count":0,"href":"https:\/\/sunupost.com\/index.php?rest_route=\/wp\/v2\/posts\/9109\/revisions"}],"wp:featuredmedia":[{"embeddable":true,"href":"https:\/\/sunupost.com\/index.php?rest_route=\/wp\/v2\/media\/9110"}],"wp:attachment":[{"href":"https:\/\/sunupost.com\/index.php?rest_route=%2Fwp%2Fv2%2Fmedia&parent=9109"}],"wp:term":[{"taxonomy":"category","embeddable":true,"href":"https:\/\/sunupost.com\/index.php?rest_route=%2Fwp%2Fv2%2Fcategories&post=9109"},{"taxonomy":"post_tag","embeddable":true,"href":"https:\/\/sunupost.com\/index.php?rest_route=%2Fwp%2Fv2%2Ftags&post=9109"}],"curies":[{"name":"wp","href":"https:\/\/api.w.org\/{rel}","templated":true}]}}