{"id":9350,"date":"2021-10-11T16:08:15","date_gmt":"2021-10-11T16:08:15","guid":{"rendered":"https:\/\/sunupost.com\/?p=9350"},"modified":"2021-10-11T16:08:15","modified_gmt":"2021-10-11T16:08:15","slug":"elections-locales-a-mboumba-le-discours-de-sadel-ndiaye-juge-ethnocentrique","status":"publish","type":"post","link":"https:\/\/sunupost.com\/?p=9350","title":{"rendered":"\u00c9lections Locales \u00c0 Mboumba: le discours de Sadel Ndiaye jug\u00e9 ethnocentrique"},"content":{"rendered":"<p>Les d\u00e9clarations peu am\u00e8nes du maire sortant de Mboumba, Sadel Ndiaye, \u00e0 l\u2019\u00e9gard de certains leaders politiques de la localit\u00e9, qu\u2019il a qualifi\u00e9 de \u00a0\u00bb d&rsquo;intrus\u00a0\u00bb, suscite un toll\u00e9 aupr\u00e8s de l\u2019opinion et la classe politique de la localit\u00e9.<\/p>\n<p>\u00ab Insultant \u00bb, \u00ab offensant \u00bb, \u00ab injurieux \u00bb \u2026 La classe politiques de la commune de Mboumba n\u2019a pas de mots assez durs pour condamner les r\u00e9cents propos tenus par le maire sortant, \u00e0 l\u2019\u00e9gard de ses adversaires \u00e0 la mairie. Coutumier des d\u00e9clarations \u00e0 l\u2019emporte-pi\u00e8ce, Sadel Ndiaye a franchi un cap, samedi 09 octobre 2021, lors d&rsquo;une assembl\u00e9e g\u00e9n\u00e9rale, en qualifiant, devant la foule, certains leaders (adversaires) \u00ab\u00a0d&rsquo;intrus\u00a0\u00bb dont les parents \u00e9taient venus \u00e0 Mboumba \u00e0 la recherche d&rsquo;un meilleur cadre de vie.<\/p>\n<p>L\u2019affaire fait d\u2019autant plus de bruit \u00e0 Mboumba, que la sortie peu amicale du maire a \u00e9t\u00e9 enregistr\u00e9e sur des audio diffus\u00e9s qui font le tour des r\u00e9seaux sociaux. Sadel Ndiaye, entour\u00e9 de ses militants et sympathisants a vitup\u00e9r\u00e9 contre ceux qu\u2019il qualifie d\u2019appartenir \u00e0 la base classe de \u00ab\u00a0<em>mathioub\u00e9<\/em>\u00ab\u00a0, pour ne pas dire des esclaves. Me Sadel Ndiaye, pr\u00e9cise que \u00ab m\u00eame les Almamy, d\u00e9tenteurs du pouvoir local avant la communalisation ne sont pas, plus m\u00e9ritants qu&rsquo;eux dans la mesure o\u00f9 ce sont leurs grands-parents qui \u00e9taient toujours au-devant des batailles \u00bb.<\/p>\n<p>Dans les rangs des adversaires du maire de la localit\u00e9, on d\u00e9nonce des propos \u00ab\u00a0malsains\u00a0\u00bb qui ne font pas honneur \u00e0 Mboumba.<br \/>\nM\u00eame son de cloche chez Aboubacry Bocoum, membre du mouvement Agir. \u00ab\u00a0C&rsquo;est h\u00e9las l&rsquo;image de Mboumba qui s&rsquo;en trouve \u00e9corn\u00e9e, a-t-il affirm\u00e9. Une telle violence verbale de la part du premier magistrat de la ville de Mboumba est tout simplement aux antipodes.<\/p>\n<p>D\u00e9rapage oo une strat\u00e9gie politique, les propos du maire de Mboumba a cr\u00e9\u00e9 une multitude de r\u00e9actions. \u00c7a bouillonne de toutes parts \u00e0 \u00ab\u00a0Mboumba Di\u00e9ri Tata Almamy\u00a0\u00bb, ce qui annonce d\u00e9j\u00e0 une bataille avant l&rsquo;heure entre Sadel Ndiaye et ses adversaires, aux prochaines \u00e9lections locales du 23 janvier 2022.<\/p>\n","protected":false},"excerpt":{"rendered":"<p>Les d\u00e9clarations peu am\u00e8nes du maire sortant de Mboumba, Sadel Ndiaye, \u00e0 l\u2019\u00e9gard de certains leaders politiques de la localit\u00e9, qu\u2019il a qualifi\u00e9 de \u00a0\u00bb&#8230;<\/p>\n","protected":false},"author":10,"featured_media":9351,"comment_status":"open","ping_status":"open","sticky":false,"template":"","format":"standard","meta":{"_coblocks_attr":"","_coblocks_dimensions":"","_coblocks_responsive_height":"","_coblocks_accordion_ie_support":"","_monsterinsights_skip_tracking":false,"_monsterinsights_sitenote_active":false,"_monsterinsights_sitenote_note":"","_monsterinsights_sitenote_category":0,"h5ap_radio_sources":[],"footnotes":""},"categories":[6],"tags":[],"class_list":["post-9350","post","type-post","status-publish","format-standard","has-post-thumbnail","hentry","category-politique","wpcat-6-id"],"yoast_head":"<!-- This site is optimized with the Yoast SEO plugin v27.4 - https:\/\/yoast.com\/product\/yoast-seo-wordpress\/ -->\n<title>\u00c9lections Locales \u00c0 Mboumba: le discours de Sadel Ndiaye jug\u00e9 ethnocentrique - SUNUPOST<\/title>\n<meta name=\"robots\" content=\"index, follow, max-snippet:-1, max-image-preview:large, max-video-preview:-1\" \/>\n<link rel=\"canonical\" href=\"https:\/\/sunupost.com\/?p=9350\" \/>\n<meta property=\"og:locale\" content=\"fr_FR\" \/>\n<meta property=\"og:type\" content=\"article\" \/>\n<meta property=\"og:title\" content=\"\u00c9lections Locales \u00c0 Mboumba: le discours de Sadel Ndiaye jug\u00e9 ethnocentrique - SUNUPOST\" \/>\n<meta property=\"og:description\" content=\"Les d\u00e9clarations peu am\u00e8nes du maire sortant de Mboumba, Sadel Ndiaye, \u00e0 l\u2019\u00e9gard de certains leaders politiques de la localit\u00e9, qu\u2019il a qualifi\u00e9 de \u00a0\u00bb...\" \/>\n<meta property=\"og:url\" content=\"https:\/\/sunupost.com\/?p=9350\" \/>\n<meta property=\"og:site_name\" content=\"SUNUPOST\" \/>\n<meta property=\"article:publisher\" content=\"https:\/\/web.facebook.com\/Sunupost-101026658237468\/\" \/>\n<meta property=\"article:published_time\" content=\"2021-10-11T16:08:15+00:00\" \/>\n<meta property=\"og:image\" content=\"https:\/\/secureservercdn.net\/198.71.233.69\/17w.044.myftpupload.com\/wp-content\/uploads\/2021\/10\/IMG_11102021_160438_631_x_340_pixel.jpg?time=1663115520\" \/>\n\t<meta property=\"og:image:width\" content=\"631\" \/>\n\t<meta property=\"og:image:height\" content=\"340\" \/>\n\t<meta property=\"og:image:type\" content=\"image\/jpeg\" \/>\n<meta name=\"author\" content=\"La R\u00e9daction\" \/>\n<meta name=\"twitter:card\" content=\"summary_large_image\" \/>\n<meta name=\"twitter:creator\" content=\"@sunupost\" \/>\n<meta name=\"twitter:site\" content=\"@sunupost\" \/>\n<meta name=\"twitter:label1\" content=\"\u00c9crit par\" \/>\n\t<meta name=\"twitter:data1\" content=\"La R\u00e9daction\" \/>\n\t<meta name=\"twitter:label2\" content=\"Dur\u00e9e de lecture estim\u00e9e\" \/>\n\t<meta name=\"twitter:data2\" content=\"2 minutes\" \/>\n<script type=\"application\/ld+json\" class=\"yoast-schema-graph\">{\"@context\":\"https:\\\/\\\/schema.org\",\"@graph\":[{\"@type\":\"Article\",\"@id\":\"https:\\\/\\\/sunupost.com\\\/?p=9350#article\",\"isPartOf\":{\"@id\":\"https:\\\/\\\/sunupost.com\\\/?p=9350\"},\"author\":{\"name\":\"La R\u00e9daction\",\"@id\":\"https:\\\/\\\/sunupost.com\\\/#\\\/schema\\\/person\\\/9c04c80a48c29cd2be004cf57947ebb0\"},\"headline\":\"\u00c9lections Locales \u00c0 Mboumba: le discours de Sadel Ndiaye jug\u00e9 ethnocentrique\",\"datePublished\":\"2021-10-11T16:08:15+00:00\",\"mainEntityOfPage\":{\"@id\":\"https:\\\/\\\/sunupost.com\\\/?p=9350\"},\"wordCount\":361,\"commentCount\":131,\"publisher\":{\"@id\":\"https:\\\/\\\/sunupost.com\\\/#organization\"},\"image\":{\"@id\":\"https:\\\/\\\/sunupost.com\\\/?p=9350#primaryimage\"},\"thumbnailUrl\":\"https:\\\/\\\/sunupost.com\\\/wp-content\\\/uploads\\\/2021\\\/10\\\/IMG_11102021_160438_631_x_340_pixel.jpg\",\"articleSection\":[\"POLITIQUE\"],\"inLanguage\":\"fr-FR\",\"potentialAction\":[{\"@type\":\"CommentAction\",\"name\":\"Comment\",\"target\":[\"https:\\\/\\\/sunupost.com\\\/?p=9350#respond\"]}]},{\"@type\":\"WebPage\",\"@id\":\"https:\\\/\\\/sunupost.com\\\/?p=9350\",\"url\":\"https:\\\/\\\/sunupost.com\\\/?p=9350\",\"name\":\"\u00c9lections Locales \u00c0 Mboumba: le discours de Sadel Ndiaye jug\u00e9 ethnocentrique - SUNUPOST\",\"isPartOf\":{\"@id\":\"https:\\\/\\\/sunupost.com\\\/#website\"},\"primaryImageOfPage\":{\"@id\":\"https:\\\/\\\/sunupost.com\\\/?p=9350#primaryimage\"},\"image\":{\"@id\":\"https:\\\/\\\/sunupost.com\\\/?p=9350#primaryimage\"},\"thumbnailUrl\":\"https:\\\/\\\/sunupost.com\\\/wp-content\\\/uploads\\\/2021\\\/10\\\/IMG_11102021_160438_631_x_340_pixel.jpg\",\"datePublished\":\"2021-10-11T16:08:15+00:00\",\"breadcrumb\":{\"@id\":\"https:\\\/\\\/sunupost.com\\\/?p=9350#breadcrumb\"},\"inLanguage\":\"fr-FR\",\"potentialAction\":[{\"@type\":\"ReadAction\",\"target\":[\"https:\\\/\\\/sunupost.com\\\/?p=9350\"]}]},{\"@type\":\"ImageObject\",\"inLanguage\":\"fr-FR\",\"@id\":\"https:\\\/\\\/sunupost.com\\\/?p=9350#primaryimage\",\"url\":\"https:\\\/\\\/sunupost.com\\\/wp-content\\\/uploads\\\/2021\\\/10\\\/IMG_11102021_160438_631_x_340_pixel.jpg\",\"contentUrl\":\"https:\\\/\\\/sunupost.com\\\/wp-content\\\/uploads\\\/2021\\\/10\\\/IMG_11102021_160438_631_x_340_pixel.jpg\",\"width\":631,\"height\":340},{\"@type\":\"BreadcrumbList\",\"@id\":\"https:\\\/\\\/sunupost.com\\\/?p=9350#breadcrumb\",\"itemListElement\":[{\"@type\":\"ListItem\",\"position\":1,\"name\":\"Home\",\"item\":\"https:\\\/\\\/sunupost.com\\\/\"},{\"@type\":\"ListItem\",\"position\":2,\"name\":\"\u00c9lections Locales \u00c0 Mboumba: le discours de Sadel Ndiaye jug\u00e9 ethnocentrique\"}]},{\"@type\":\"WebSite\",\"@id\":\"https:\\\/\\\/sunupost.com\\\/#website\",\"url\":\"https:\\\/\\\/sunupost.com\\\/\",\"name\":\"SUNUPOST\",\"description\":\"Pens\u00e9e libre\",\"publisher\":{\"@id\":\"https:\\\/\\\/sunupost.com\\\/#organization\"},\"potentialAction\":[{\"@type\":\"SearchAction\",\"target\":{\"@type\":\"EntryPoint\",\"urlTemplate\":\"https:\\\/\\\/sunupost.com\\\/?s={search_term_string}\"},\"query-input\":{\"@type\":\"PropertyValueSpecification\",\"valueRequired\":true,\"valueName\":\"search_term_string\"}}],\"inLanguage\":\"fr-FR\"},{\"@type\":\"Organization\",\"@id\":\"https:\\\/\\\/sunupost.com\\\/#organization\",\"name\":\"SUNUPOST\",\"url\":\"https:\\\/\\\/sunupost.com\\\/\",\"logo\":{\"@type\":\"ImageObject\",\"inLanguage\":\"fr-FR\",\"@id\":\"https:\\\/\\\/sunupost.com\\\/#\\\/schema\\\/logo\\\/image\\\/\",\"url\":\"https:\\\/\\\/secureservercdn.net\\\/198.71.233.206\\\/17w.044.myftpupload.com\\\/wp-content\\\/uploads\\\/2020\\\/05\\\/Lancement.jpg?time=1639052812\",\"contentUrl\":\"https:\\\/\\\/secureservercdn.net\\\/198.71.233.206\\\/17w.044.myftpupload.com\\\/wp-content\\\/uploads\\\/2020\\\/05\\\/Lancement.jpg?time=1639052812\",\"width\":300,\"height\":100,\"caption\":\"SUNUPOST\"},\"image\":{\"@id\":\"https:\\\/\\\/sunupost.com\\\/#\\\/schema\\\/logo\\\/image\\\/\"},\"sameAs\":[\"https:\\\/\\\/web.facebook.com\\\/Sunupost-101026658237468\\\/\",\"https:\\\/\\\/x.com\\\/sunupost\",\"https:\\\/\\\/www.instagram.com\\\/sunupost\\\/\",\"https:\\\/\\\/www.youtube.com\\\/channel\\\/UCd7V7bCkLDOee8yr7CW4Dpw\"]},{\"@type\":\"Person\",\"@id\":\"https:\\\/\\\/sunupost.com\\\/#\\\/schema\\\/person\\\/9c04c80a48c29cd2be004cf57947ebb0\",\"name\":\"La R\u00e9daction\",\"image\":{\"@type\":\"ImageObject\",\"inLanguage\":\"fr-FR\",\"@id\":\"https:\\\/\\\/secure.gravatar.com\\\/avatar\\\/1dc7c1ffd136391c1a6d8806c3431e1a2dd9445015e3f66472e3c63e9c80807e?s=96&d=mm&r=g\",\"url\":\"https:\\\/\\\/secure.gravatar.com\\\/avatar\\\/1dc7c1ffd136391c1a6d8806c3431e1a2dd9445015e3f66472e3c63e9c80807e?s=96&d=mm&r=g\",\"contentUrl\":\"https:\\\/\\\/secure.gravatar.com\\\/avatar\\\/1dc7c1ffd136391c1a6d8806c3431e1a2dd9445015e3f66472e3c63e9c80807e?s=96&d=mm&r=g\",\"caption\":\"La R\u00e9daction\"},\"url\":\"https:\\\/\\\/sunupost.com\\\/?author=10\"}]}<\/script>\n<!-- \/ Yoast SEO plugin. -->","yoast_head_json":{"title":"\u00c9lections Locales \u00c0 Mboumba: le discours de Sadel Ndiaye jug\u00e9 ethnocentrique - SUNUPOST","robots":{"index":"index","follow":"follow","max-snippet":"max-snippet:-1","max-image-preview":"max-image-preview:large","max-video-preview":"max-video-preview:-1"},"canonical":"https:\/\/sunupost.com\/?p=9350","og_locale":"fr_FR","og_type":"article","og_title":"\u00c9lections Locales \u00c0 Mboumba: le discours de Sadel Ndiaye jug\u00e9 ethnocentrique - SUNUPOST","og_description":"Les d\u00e9clarations peu am\u00e8nes du maire sortant de Mboumba, Sadel Ndiaye, \u00e0 l\u2019\u00e9gard de certains leaders politiques de la localit\u00e9, qu\u2019il a qualifi\u00e9 de \u00a0\u00bb...","og_url":"https:\/\/sunupost.com\/?p=9350","og_site_name":"SUNUPOST","article_publisher":"https:\/\/web.facebook.com\/Sunupost-101026658237468\/","article_published_time":"2021-10-11T16:08:15+00:00","og_image":[{"width":631,"height":340,"url":"https:\/\/secureservercdn.net\/198.71.233.69\/17w.044.myftpupload.com\/wp-content\/uploads\/2021\/10\/IMG_11102021_160438_631_x_340_pixel.jpg?time=1663115520","type":"image\/jpeg"}],"author":"La R\u00e9daction","twitter_card":"summary_large_image","twitter_creator":"@sunupost","twitter_site":"@sunupost","twitter_misc":{"\u00c9crit par":"La R\u00e9daction","Dur\u00e9e de lecture estim\u00e9e":"2 minutes"},"schema":{"@context":"https:\/\/schema.org","@graph":[{"@type":"Article","@id":"https:\/\/sunupost.com\/?p=9350#article","isPartOf":{"@id":"https:\/\/sunupost.com\/?p=9350"},"author":{"name":"La R\u00e9daction","@id":"https:\/\/sunupost.com\/#\/schema\/person\/9c04c80a48c29cd2be004cf57947ebb0"},"headline":"\u00c9lections Locales \u00c0 Mboumba: le discours de Sadel Ndiaye jug\u00e9 ethnocentrique","datePublished":"2021-10-11T16:08:15+00:00","mainEntityOfPage":{"@id":"https:\/\/sunupost.com\/?p=9350"},"wordCount":361,"commentCount":131,"publisher":{"@id":"https:\/\/sunupost.com\/#organization"},"image":{"@id":"https:\/\/sunupost.com\/?p=9350#primaryimage"},"thumbnailUrl":"https:\/\/sunupost.com\/wp-content\/uploads\/2021\/10\/IMG_11102021_160438_631_x_340_pixel.jpg","articleSection":["POLITIQUE"],"inLanguage":"fr-FR","potentialAction":[{"@type":"CommentAction","name":"Comment","target":["https:\/\/sunupost.com\/?p=9350#respond"]}]},{"@type":"WebPage","@id":"https:\/\/sunupost.com\/?p=9350","url":"https:\/\/sunupost.com\/?p=9350","name":"\u00c9lections Locales \u00c0 Mboumba: le discours de Sadel Ndiaye jug\u00e9 ethnocentrique - SUNUPOST","isPartOf":{"@id":"https:\/\/sunupost.com\/#website"},"primaryImageOfPage":{"@id":"https:\/\/sunupost.com\/?p=9350#primaryimage"},"image":{"@id":"https:\/\/sunupost.com\/?p=9350#primaryimage"},"thumbnailUrl":"https:\/\/sunupost.com\/wp-content\/uploads\/2021\/10\/IMG_11102021_160438_631_x_340_pixel.jpg","datePublished":"2021-10-11T16:08:15+00:00","breadcrumb":{"@id":"https:\/\/sunupost.com\/?p=9350#breadcrumb"},"inLanguage":"fr-FR","potentialAction":[{"@type":"ReadAction","target":["https:\/\/sunupost.com\/?p=9350"]}]},{"@type":"ImageObject","inLanguage":"fr-FR","@id":"https:\/\/sunupost.com\/?p=9350#primaryimage","url":"https:\/\/sunupost.com\/wp-content\/uploads\/2021\/10\/IMG_11102021_160438_631_x_340_pixel.jpg","contentUrl":"https:\/\/sunupost.com\/wp-content\/uploads\/2021\/10\/IMG_11102021_160438_631_x_340_pixel.jpg","width":631,"height":340},{"@type":"BreadcrumbList","@id":"https:\/\/sunupost.com\/?p=9350#breadcrumb","itemListElement":[{"@type":"ListItem","position":1,"name":"Home","item":"https:\/\/sunupost.com\/"},{"@type":"ListItem","position":2,"name":"\u00c9lections Locales \u00c0 Mboumba: le discours de Sadel Ndiaye jug\u00e9 ethnocentrique"}]},{"@type":"WebSite","@id":"https:\/\/sunupost.com\/#website","url":"https:\/\/sunupost.com\/","name":"SUNUPOST","description":"Pens\u00e9e libre","publisher":{"@id":"https:\/\/sunupost.com\/#organization"},"potentialAction":[{"@type":"SearchAction","target":{"@type":"EntryPoint","urlTemplate":"https:\/\/sunupost.com\/?s={search_term_string}"},"query-input":{"@type":"PropertyValueSpecification","valueRequired":true,"valueName":"search_term_string"}}],"inLanguage":"fr-FR"},{"@type":"Organization","@id":"https:\/\/sunupost.com\/#organization","name":"SUNUPOST","url":"https:\/\/sunupost.com\/","logo":{"@type":"ImageObject","inLanguage":"fr-FR","@id":"https:\/\/sunupost.com\/#\/schema\/logo\/image\/","url":"https:\/\/secureservercdn.net\/198.71.233.206\/17w.044.myftpupload.com\/wp-content\/uploads\/2020\/05\/Lancement.jpg?time=1639052812","contentUrl":"https:\/\/secureservercdn.net\/198.71.233.206\/17w.044.myftpupload.com\/wp-content\/uploads\/2020\/05\/Lancement.jpg?time=1639052812","width":300,"height":100,"caption":"SUNUPOST"},"image":{"@id":"https:\/\/sunupost.com\/#\/schema\/logo\/image\/"},"sameAs":["https:\/\/web.facebook.com\/Sunupost-101026658237468\/","https:\/\/x.com\/sunupost","https:\/\/www.instagram.com\/sunupost\/","https:\/\/www.youtube.com\/channel\/UCd7V7bCkLDOee8yr7CW4Dpw"]},{"@type":"Person","@id":"https:\/\/sunupost.com\/#\/schema\/person\/9c04c80a48c29cd2be004cf57947ebb0","name":"La R\u00e9daction","image":{"@type":"ImageObject","inLanguage":"fr-FR","@id":"https:\/\/secure.gravatar.com\/avatar\/1dc7c1ffd136391c1a6d8806c3431e1a2dd9445015e3f66472e3c63e9c80807e?s=96&d=mm&r=g","url":"https:\/\/secure.gravatar.com\/avatar\/1dc7c1ffd136391c1a6d8806c3431e1a2dd9445015e3f66472e3c63e9c80807e?s=96&d=mm&r=g","contentUrl":"https:\/\/secure.gravatar.com\/avatar\/1dc7c1ffd136391c1a6d8806c3431e1a2dd9445015e3f66472e3c63e9c80807e?s=96&d=mm&r=g","caption":"La R\u00e9daction"},"url":"https:\/\/sunupost.com\/?author=10"}]}},"_links":{"self":[{"href":"https:\/\/sunupost.com\/index.php?rest_route=\/wp\/v2\/posts\/9350","targetHints":{"allow":["GET"]}}],"collection":[{"href":"https:\/\/sunupost.com\/index.php?rest_route=\/wp\/v2\/posts"}],"about":[{"href":"https:\/\/sunupost.com\/index.php?rest_route=\/wp\/v2\/types\/post"}],"author":[{"embeddable":true,"href":"https:\/\/sunupost.com\/index.php?rest_route=\/wp\/v2\/users\/10"}],"replies":[{"embeddable":true,"href":"https:\/\/sunupost.com\/index.php?rest_route=%2Fwp%2Fv2%2Fcomments&post=9350"}],"version-history":[{"count":0,"href":"https:\/\/sunupost.com\/index.php?rest_route=\/wp\/v2\/posts\/9350\/revisions"}],"wp:featuredmedia":[{"embeddable":true,"href":"https:\/\/sunupost.com\/index.php?rest_route=\/wp\/v2\/media\/9351"}],"wp:attachment":[{"href":"https:\/\/sunupost.com\/index.php?rest_route=%2Fwp%2Fv2%2Fmedia&parent=9350"}],"wp:term":[{"taxonomy":"category","embeddable":true,"href":"https:\/\/sunupost.com\/index.php?rest_route=%2Fwp%2Fv2%2Fcategories&post=9350"},{"taxonomy":"post_tag","embeddable":true,"href":"https:\/\/sunupost.com\/index.php?rest_route=%2Fwp%2Fv2%2Ftags&post=9350"}],"curies":[{"name":"wp","href":"https:\/\/api.w.org\/{rel}","templated":true}]}}